{"id":41317,"date":"2021-09-10T02:12:40","date_gmt":"2021-09-10T02:12:40","guid":{"rendered":"https:\/\/notiissa.mx\/?p=41317"},"modified":"2021-09-10T02:12:42","modified_gmt":"2021-09-10T02:12:42","slug":"maru-campos-no-habra-fiesta-en-la-noche-de-independencia-ni-desfile","status":"publish","type":"post","link":"https:\/\/notiissa.mx\/?p=41317","title":{"rendered":"Maru Campos: \u00abNo habr\u00e1 fiesta en la noche de Independencia, ni desfile\u00bb"},"content":{"rendered":"\n<p>Por priorizaci\u00f3n de uso de recursos y cuidando la salud de los chihuahuenses.<\/p>\n\n\n\n<p>Este a\u00f1o el Gobierno del Estado no llevar\u00e1 a cabo festejos con motivo del \u201cGrito de Dolores\u201d ni desfile por el D\u00eda de la Independencia, lo anterior debido a que la administraci\u00f3n priorizar\u00e1 el uso de recursos, y a su vez, seguir\u00e1 cuidando la salud de los chihuahuenses frente a la pandemia por el Covid-19.<\/p>\n\n\n\n<p>As\u00ed lo comunic\u00f3 la gobernadora, Maru Campos Galv\u00e1n, al detallar que a pesar de que estos eventos masivos no se van a desarrollar, s\u00ed se realizar\u00e1 un homenaje a los h\u00e9roes que nos dieron patria, aunque de manera sobria; conmemoraci\u00f3n que se transmitir\u00e1 de manera virtual por los canales digitales de Gobierno del Estado para evitar aglomeraciones, precisando que no habr\u00e1 fiesta ni al exterior ni al interior de Palacio de Gobierno.<\/p>\n\n\n\n<p>Explic\u00f3 que es importante mantener la congruencia con la situaci\u00f3n financiera del Estado, adem\u00e1s de seguir siendo cuidadosos con el tema de la contingencia sanitaria; \u201capenas acabamos de tener esta versi\u00f3n verde del sem\u00e1foro epidemiol\u00f3gico, tenemos pensado reunir al Consejo Estatal de Salud para verificar si el sem\u00e1foro verde para los chihuahuenses es lo mejor, y dependiendo de eso las medidas que daremos a conocer m\u00e1s adelante\u201d.<\/p>\n\n\n\n<p>La titular del Ejecutivo Estatal abund\u00f3 que a trav\u00e9s de este consejo se busca darle valor al gremio m\u00e9dico, que es el que tiene la evidencia contundente para la toma de decisiones en la semaforizaci\u00f3n respecto a la pandemia, mismo al que se sumar\u00e1n Julio Frenk Mora y el doctor Jos\u00e9 Narro Robles, ambos exsecretarios de Salud del Gobierno Federal.<\/p>\n","protected":false},"excerpt":{"rendered":"<p>Por priorizaci\u00f3n de uso de recursos y cuidando la salud de los chihuahuenses. Este a\u00f1o el Gobierno del Estado no llevar\u00e1 a cabo festejos con motivo del \u201cGrito de Dolores\u201d ni desfile por el D\u00eda de la Independencia, lo anterior debido a que la administraci\u00f3n priorizar\u00e1 el uso de recursos, y a su vez, seguir\u00e1 [&hellip;]<\/p>\n","protected":false},"author":1,"featured_media":41318,"comment_status":"closed","ping_status":"closed","sticky":false,"template":"","format":"standard","meta":{"rop_custom_images_group":[],"rop_custom_messages_group":[],"rop_publish_now":"initial","rop_publish_now_accounts":[],"rop_publish_now_history":[],"rop_publish_now_status":"pending","footnotes":""},"categories":[67,72],"tags":[23],"class_list":["post-41317","post","type-post","status-publish","format-standard","has-post-thumbnail","hentry","category-ciudad","category-estado","tag-destacado"],"_links":{"self":[{"href":"https:\/\/notiissa.mx\/index.php?rest_route=\/wp\/v2\/posts\/41317","targetHints":{"allow":["GET"]}}],"collection":[{"href":"https:\/\/notiissa.mx\/index.php?rest_route=\/wp\/v2\/posts"}],"about":[{"href":"https:\/\/notiissa.mx\/index.php?rest_route=\/wp\/v2\/types\/post"}],"author":[{"embeddable":true,"href":"https:\/\/notiissa.mx\/index.php?rest_route=\/wp\/v2\/users\/1"}],"replies":[{"embeddable":true,"href":"https:\/\/notiissa.mx\/index.php?rest_route=%2Fwp%2Fv2%2Fcomments&post=41317"}],"version-history":[{"count":1,"href":"https:\/\/notiissa.mx\/index.php?rest_route=\/wp\/v2\/posts\/41317\/revisions"}],"predecessor-version":[{"id":41319,"href":"https:\/\/notiissa.mx\/index.php?rest_route=\/wp\/v2\/posts\/41317\/revisions\/41319"}],"wp:featuredmedia":[{"embeddable":true,"href":"https:\/\/notiissa.mx\/index.php?rest_route=\/wp\/v2\/media\/41318"}],"wp:attachment":[{"href":"https:\/\/notiissa.mx\/index.php?rest_route=%2Fwp%2Fv2%2Fmedia&parent=41317"}],"wp:term":[{"taxonomy":"category","embeddable":true,"href":"https:\/\/notiissa.mx\/index.php?rest_route=%2Fwp%2Fv2%2Fcategories&post=41317"},{"taxonomy":"post_tag","embeddable":true,"href":"https:\/\/notiissa.mx\/index.php?rest_route=%2Fwp%2Fv2%2Ftags&post=41317"}],"curies":[{"name":"wp","href":"https:\/\/api.w.org\/{rel}","templated":true}]}}