{"id":41290,"date":"2021-09-09T15:33:03","date_gmt":"2021-09-09T15:33:03","guid":{"rendered":"https:\/\/notiissa.mx\/?p=41290"},"modified":"2021-09-09T15:33:05","modified_gmt":"2021-09-09T15:33:05","slug":"se-puede-morir-por-insomnio-30-de-mexicanos-lo-padecen-academico-unam","status":"publish","type":"post","link":"https:\/\/notiissa.mx\/?p=41290","title":{"rendered":"Se puede morir por insomnio; 30% de mexicanos lo padecen: acad\u00e9mico UNAM"},"content":{"rendered":"\n<p>\u00daltimos estudios apuntan que el ser humano duerme menos de siete horas.<\/p>\n\n\n\n<p>Las sociedades modernas <strong>duermen cada vez menos<\/strong>, debido a factores como condiciones m\u00e9dicas, ambientales y trastornos de sue\u00f1o, donde uno de los m\u00e1s comunes es el <strong>insomnio<\/strong>, indic\u00f3 Jos\u00e9 Halabe Cherem, acad\u00e9mico de la Facultad de Medicina (FM) de la UNAM.<\/p>\n\n\n\n<p>En teor\u00eda el ser humano <strong>debe dormir alrededor de ocho horas,<\/strong> pero los \u00faltimos estudios apuntan que se duerme menos de siete, por lo que el ciclo del sue\u00f1o tampoco se realiza correctamente, que debe <strong>estar compuesto por cinco etapas<\/strong>, y aunque todas son importantes, las dos \u00faltimas refieren al sue\u00f1o profundo.<\/p>\n\n\n\n<p><strong>El insomnio es un s\u00edntoma y no una enfermedad<\/strong>. Se manifiesta por dificultad y\/o mala calidad de sue\u00f1o, de ah\u00ed que existan tres diferentes tipos de insomnio: el transitorio, que puede durar hasta dos semanas; el de largo plazo, que se extiende a un m\u00e1ximo de un mes; y el cr\u00f3nico, que puede abarcar meses o a\u00f1os.<\/p>\n\n\n\n<p>El tambi\u00e9n presidente de la Academia Nacional de Medicina de M\u00e9xico remarc\u00f3 que \u201c<strong>pr\u00e1cticamente toda la poblaci\u00f3n presenta insomnio en alguna etapa de su vida y entre el 30 y 40 por ciento lo tienen de forma permanente<\/strong>\u201d.<\/p>\n\n\n\n<p>Sufrir insomnio puede relacionarse con algunas enfermedades o s\u00edntomas como calambres nocturnos, s\u00edndrome de piernas inquietas, depresi\u00f3n y ansiedad, enfermedades cerebrales degenerativas o traum\u00e1ticas, demencia, Parkinson, epilepsia, asma nocturna, entre algunas otras.<\/p>\n\n\n\n<p><strong>Causas y consecuencias del insomnio<\/strong><\/p>\n\n\n\n<p>Este trastorno puede desarrollarse por causas extr\u00ednsecas como mala higiene del sue\u00f1o, es decir, el no contar con una cama o iluminaci\u00f3n adecuadas; factores ambientales, as\u00ed como en el uso de f\u00e1rmacos sedantes y estimulantes e inclusive el alcohol.<\/p>\n\n\n\n<p>No tener un sue\u00f1o reparador, dormir poco o no hacerlo afecta de manera negativa al cuerpo humano, no solo se siente m\u00e1s cansado, sino que puede perjudicar en el desempe\u00f1o laboral, acelerar el surgimiento de enfermedades metab\u00f3licas y reducir la expectativa de vida.<\/p>\n\n\n\n<p><strong>Adem\u00e1s, el insomnio puede ocasionar obesidad<\/strong>, aumentar la descomposici\u00f3n de los diab\u00e9ticos o los problemas card\u00edacos; as\u00ed como desarrollar des\u00f3rdenes psiqui\u00e1tricos y disminuir la funci\u00f3n inmune.<\/p>\n\n\n\n<p>Jos\u00e9 Halabe resalt\u00f3 que \u201cel insomnio ya est\u00e1 incluido por la Organizaci\u00f3n Mundial de la Salud (OMS) dentro de los mayores problemas de salud p\u00fablica\u201d por lo que recomienda tener h\u00e1bitos de sue\u00f1o adecuados: acostarse y levantarse a una misma hora; evitar las siestas prolongadas durante el d\u00eda; limitar la ingesta de alcohol, cigarro y bebidas con cafe\u00edna al menos cuatro horas antes de acostarse, evitar actividad f\u00edsica vigorosa antes de dormir.<\/p>\n\n\n\n<p><\/p>\n\n\n\n<p>AN \/ GS<\/p>\n","protected":false},"excerpt":{"rendered":"<p>\u00daltimos estudios apuntan que el ser humano duerme menos de siete horas. Las sociedades modernas duermen cada vez menos, debido a factores como condiciones m\u00e9dicas, ambientales y trastornos de sue\u00f1o, donde uno de los m\u00e1s comunes es el insomnio, indic\u00f3 Jos\u00e9 Halabe Cherem, acad\u00e9mico de la Facultad de Medicina (FM) de la UNAM. En teor\u00eda [&hellip;]<\/p>\n","protected":false},"author":1,"featured_media":41291,"comment_status":"closed","ping_status":"closed","sticky":false,"template":"","format":"standard","meta":{"rop_custom_images_group":[],"rop_custom_messages_group":[],"rop_publish_now":"initial","rop_publish_now_accounts":[],"rop_publish_now_history":[],"rop_publish_now_status":"pending","footnotes":""},"categories":[75,66,71],"tags":[],"class_list":["post-41290","post","type-post","status-publish","format-standard","has-post-thumbnail","hentry","category-actualidad","category-estilo-de-vida","category-salud"],"_links":{"self":[{"href":"https:\/\/notiissa.mx\/index.php?rest_route=\/wp\/v2\/posts\/41290","targetHints":{"allow":["GET"]}}],"collection":[{"href":"https:\/\/notiissa.mx\/index.php?rest_route=\/wp\/v2\/posts"}],"about":[{"href":"https:\/\/notiissa.mx\/index.php?rest_route=\/wp\/v2\/types\/post"}],"author":[{"embeddable":true,"href":"https:\/\/notiissa.mx\/index.php?rest_route=\/wp\/v2\/users\/1"}],"replies":[{"embeddable":true,"href":"https:\/\/notiissa.mx\/index.php?rest_route=%2Fwp%2Fv2%2Fcomments&post=41290"}],"version-history":[{"count":1,"href":"https:\/\/notiissa.mx\/index.php?rest_route=\/wp\/v2\/posts\/41290\/revisions"}],"predecessor-version":[{"id":41292,"href":"https:\/\/notiissa.mx\/index.php?rest_route=\/wp\/v2\/posts\/41290\/revisions\/41292"}],"wp:featuredmedia":[{"embeddable":true,"href":"https:\/\/notiissa.mx\/index.php?rest_route=\/wp\/v2\/media\/41291"}],"wp:attachment":[{"href":"https:\/\/notiissa.mx\/index.php?rest_route=%2Fwp%2Fv2%2Fmedia&parent=41290"}],"wp:term":[{"taxonomy":"category","embeddable":true,"href":"https:\/\/notiissa.mx\/index.php?rest_route=%2Fwp%2Fv2%2Fcategories&post=41290"},{"taxonomy":"post_tag","embeddable":true,"href":"https:\/\/notiissa.mx\/index.php?rest_route=%2Fwp%2Fv2%2Ftags&post=41290"}],"curies":[{"name":"wp","href":"https:\/\/api.w.org\/{rel}","templated":true}]}}