{"id":41287,"date":"2021-09-09T11:35:33","date_gmt":"2021-09-09T11:35:33","guid":{"rendered":"https:\/\/notiissa.mx\/?p=41287"},"modified":"2021-09-09T11:35:34","modified_gmt":"2021-09-09T11:35:34","slug":"acompana-maria-eugenia-galvan-a-maru-a-su-toma-de-protesta-como-gobernadora-de-chihuahua","status":"publish","type":"post","link":"https:\/\/notiissa.mx\/?p=41287","title":{"rendered":"Acompa\u00f1a Mar\u00eda Eugenia Galv\u00e1n a Maru a su toma de protesta como gobernadora de Chihuahua"},"content":{"rendered":"\n<p>Quien siempre le ha reiterado su apoyo e  impulsado a luchar por sus sue\u00f1os.<\/p>\n\n\n\n<p>Adem\u00e1s de empresarios, pol\u00edticos y familiares.<\/p>\n\n\n\n<p>Este mi\u00e9rcoles 8 de septiembre Maru Campos Galv\u00e1n rindi\u00f3 protesta como gobernadora Constitucional del Estado de Chihuahua, acompa\u00f1ada por su familia, empresarios, pol\u00edticos nacionales, gobernadores y exgobernadores, actividad que tuvo como cede la Plaza de la Mexicanidad de la Heroica Ciudad Ju\u00e1rez.<\/p>\n\n\n\n<p>El evento cont\u00f3 con la especial presencia de la madre de la gobernadora electa, la se\u00f1ora Mar\u00eda Eugenia Galv\u00e1n Antillon y su hermano Manuel Campos Galvan, quienes siempre le han reiterado su apoyo y la han impulsado a luchar por sus sue\u00f1os.<\/p>\n\n\n\n<p>Gracias a la alianza que la hoy gobernadora electa ha formado a lo largo de su trayectoria pol\u00edtica con la iniciativa privada, en este evento se hicieron presentes empresarios de la talla de Samuel Kalish, Eugenio Baeza , \u00d3scar Corral, Nestor Baeza, Sergio Mares, Francisco Santini, Marco Zaragoza, Miguel Zaragoza , Gerardo Fuentes , Eloy Vallina , Alvaro Bustillos , Miguel Guerrero, V\u00edctor Cruz Russek y Alejandro Cano Ricaud.<\/p>\n\n\n\n<p>De igual modo se pudo apreciar la presencia de Marko Cortes y Jesus Zambrano as\u00ed como de los gobernadores: Mauricio Vila &#8211; Yucat\u00e1n; Juan Manuel Carreras &#8211; San Luis Potos\u00ed; Francisco Dominguez &#8211; Queretaro; Silvano Aureoles &#8211; Michoacan y Jos\u00e9 Rosas Aispuro \u2013 Durango.<\/p>\n\n\n\n<p>Adem\u00e1s de la asistencia del c\u00f3nsul de Estados Unidos, Kent May y su equipo de trabajo Sandrine Goffard y Caroline Scheider, adem\u00e1s de Alicia Keys en representaci\u00f3n de la gobernadora de Nuevo M\u00e9xico, el ex gobernador Jos\u00e9 Reyes Baeza y pol\u00edticos destacados en el \u00e1mbito nacional como Josefina V\u00e1zquez Mota, Enrique De la Madrid, Enrique Vargas, Jesus Ortega y Ernesto Cordero.<\/p>\n\n\n\n<p>Otras autoridades destacadas presentes en esta ceremonia fueron el Arzobispo de Chihuahua Monse\u00f1or Constancio Miranda Weckman, el Obispo de Ciudad Ju\u00e1rez, Monse\u00f1or Jos\u00e9 Guadalupe Torres Campos y el recientemente nombrado comandante de la V Zona Militar, Federico Solorzano, adem\u00e1s de diputados federales y funcionarios de diversas esferas.<\/p>\n\n\n\n<p>Tanto de manera presencial como por medio de plataformas digitales las y los chihuahuenses presenciaron una toma de protesta hist\u00f3rica para el estado de Chihuahua, al ser Maru Campos la primer mujer en asumir la gubernatura.<\/p>\n","protected":false},"excerpt":{"rendered":"<p>Quien siempre le ha reiterado su apoyo e impulsado a luchar por sus sue\u00f1os. Adem\u00e1s de empresarios, pol\u00edticos y familiares. Este mi\u00e9rcoles 8 de septiembre Maru Campos Galv\u00e1n rindi\u00f3 protesta como gobernadora Constitucional del Estado de Chihuahua, acompa\u00f1ada por su familia, empresarios, pol\u00edticos nacionales, gobernadores y exgobernadores, actividad que tuvo como cede la Plaza de [&hellip;]<\/p>\n","protected":false},"author":1,"featured_media":41288,"comment_status":"closed","ping_status":"closed","sticky":false,"template":"","format":"standard","meta":{"rop_custom_images_group":[],"rop_custom_messages_group":[],"rop_publish_now":"initial","rop_publish_now_accounts":[],"rop_publish_now_history":[],"rop_publish_now_status":"pending","footnotes":""},"categories":[75,67,72],"tags":[],"class_list":["post-41287","post","type-post","status-publish","format-standard","has-post-thumbnail","hentry","category-actualidad","category-ciudad","category-estado"],"_links":{"self":[{"href":"https:\/\/notiissa.mx\/index.php?rest_route=\/wp\/v2\/posts\/41287","targetHints":{"allow":["GET"]}}],"collection":[{"href":"https:\/\/notiissa.mx\/index.php?rest_route=\/wp\/v2\/posts"}],"about":[{"href":"https:\/\/notiissa.mx\/index.php?rest_route=\/wp\/v2\/types\/post"}],"author":[{"embeddable":true,"href":"https:\/\/notiissa.mx\/index.php?rest_route=\/wp\/v2\/users\/1"}],"replies":[{"embeddable":true,"href":"https:\/\/notiissa.mx\/index.php?rest_route=%2Fwp%2Fv2%2Fcomments&post=41287"}],"version-history":[{"count":1,"href":"https:\/\/notiissa.mx\/index.php?rest_route=\/wp\/v2\/posts\/41287\/revisions"}],"predecessor-version":[{"id":41289,"href":"https:\/\/notiissa.mx\/index.php?rest_route=\/wp\/v2\/posts\/41287\/revisions\/41289"}],"wp:featuredmedia":[{"embeddable":true,"href":"https:\/\/notiissa.mx\/index.php?rest_route=\/wp\/v2\/media\/41288"}],"wp:attachment":[{"href":"https:\/\/notiissa.mx\/index.php?rest_route=%2Fwp%2Fv2%2Fmedia&parent=41287"}],"wp:term":[{"taxonomy":"category","embeddable":true,"href":"https:\/\/notiissa.mx\/index.php?rest_route=%2Fwp%2Fv2%2Fcategories&post=41287"},{"taxonomy":"post_tag","embeddable":true,"href":"https:\/\/notiissa.mx\/index.php?rest_route=%2Fwp%2Fv2%2Ftags&post=41287"}],"curies":[{"name":"wp","href":"https:\/\/api.w.org\/{rel}","templated":true}]}}