{"id":41253,"date":"2021-09-08T17:31:05","date_gmt":"2021-09-08T17:31:05","guid":{"rendered":"https:\/\/notiissa.mx\/?p=41253"},"modified":"2021-09-08T17:31:07","modified_gmt":"2021-09-08T17:31:07","slug":"avianca-anuncia-5-nuevas-rutas-internacionales-y-reanuda-otras-7","status":"publish","type":"post","link":"https:\/\/notiissa.mx\/?p=41253","title":{"rendered":"Avianca anuncia 5 nuevas rutas internacionales y reanuda otras 7"},"content":{"rendered":"\n<p>Avianca anunci\u00f3 cinco nuevas rutas internacionales desde Colombia, Costa Rica, Guatemala y Ecuador; a partir de diciembre de &nbsp;este a\u00f1o. Adem\u00e1s, volver\u00e1 a operar a algunos trayectos suspendidos por la pandemia desde este mes.<\/p>\n\n\n\n<p>En Colombia iniciar\u00e1 la ruta desde Cali a Nueva York; en Costa Rica de San Jos\u00e9 a Nueva York y San Jos\u00e9 \u2013 Los \u00c1ngeles; en Ecuador desde Guayaquil a Nueva York; y en Guatemala desde Ciudad de Guatemala a Washington.<\/p>\n\n\n\n<p>A partir de este mes se reanudar\u00e1n otras siete operaciones en Colombia: Bogot\u00e1 \u2013 Asunci\u00f3n y Bogot\u00e1 \u2013 Montevideo; en El Salvador: San Salvador \u2013 Ciudad de Panam\u00e1; en Costa Rica: San Jos\u00e9 \u2013 Ciudad de Panam\u00e1; en Guatemala: Ciudad de Guatemala \u2013 Miami y Ciudad de Guatemala \u2013 Nueva York; y en Ecuador: Quito-El Coca, anunci\u00f3 la compa\u00f1\u00eda.<\/p>\n\n\n\n<p>La aerol\u00ednea anunci\u00f3 la salida a venta de cinco nuevas rutas que empezar\u00e1n a operar en la pr\u00f3xima temporada de fin de a\u00f1o, y la reactivaci\u00f3n de siete rutas m\u00e1s a partir de septiembre, \u201ccon el prop\u00f3sito de ofrecer a sus viajeros m\u00e1s oportunidades de conectividad con el mundo\u201d, se\u00f1al\u00f3 la compa\u00f1\u00eda.<\/p>\n\n\n\n<p>\u00abUno de los valores agregados que tienen nuestros viajeros son las m\u00faltiples opciones de rutas e itinerarios que les permiten conectarse de forma directa, evitando escalas cuando no las requieren y en el horario que necesitan. El comportamiento positivo de las rutas que hemos lanzado este a\u00f1o nos demuestra que vamos por el camino correcto hacia el 2022. Seguimos escuchando a nuestros viajeros y apostando por una red de rutas cada vez m\u00e1s robusta con precios competitivos, productos a la medida, y el servicio que siempre nos ha caracterizado\u201d, dijo Ana Mar\u00eda Copete, directora de Ventas Colombia para Avianca.<\/p>\n\n\n\n<p>REPORTUR<\/p>\n","protected":false},"excerpt":{"rendered":"<p>Avianca anunci\u00f3 cinco nuevas rutas internacionales desde Colombia, Costa Rica, Guatemala y Ecuador; a partir de diciembre de &nbsp;este a\u00f1o. Adem\u00e1s, volver\u00e1 a operar a algunos trayectos suspendidos por la pandemia desde este mes. En Colombia iniciar\u00e1 la ruta desde Cali a Nueva York; en Costa Rica de San Jos\u00e9 a Nueva York y San [&hellip;]<\/p>\n","protected":false},"author":1,"featured_media":41254,"comment_status":"closed","ping_status":"closed","sticky":false,"template":"","format":"standard","meta":{"rop_custom_images_group":[],"rop_custom_messages_group":[],"rop_publish_now":"initial","rop_publish_now_accounts":[],"rop_publish_now_history":[],"rop_publish_now_status":"pending","footnotes":""},"categories":[61,66],"tags":[23],"class_list":["post-41253","post","type-post","status-publish","format-standard","has-post-thumbnail","hentry","category-economia","category-estilo-de-vida","tag-destacado"],"_links":{"self":[{"href":"https:\/\/notiissa.mx\/index.php?rest_route=\/wp\/v2\/posts\/41253","targetHints":{"allow":["GET"]}}],"collection":[{"href":"https:\/\/notiissa.mx\/index.php?rest_route=\/wp\/v2\/posts"}],"about":[{"href":"https:\/\/notiissa.mx\/index.php?rest_route=\/wp\/v2\/types\/post"}],"author":[{"embeddable":true,"href":"https:\/\/notiissa.mx\/index.php?rest_route=\/wp\/v2\/users\/1"}],"replies":[{"embeddable":true,"href":"https:\/\/notiissa.mx\/index.php?rest_route=%2Fwp%2Fv2%2Fcomments&post=41253"}],"version-history":[{"count":1,"href":"https:\/\/notiissa.mx\/index.php?rest_route=\/wp\/v2\/posts\/41253\/revisions"}],"predecessor-version":[{"id":41255,"href":"https:\/\/notiissa.mx\/index.php?rest_route=\/wp\/v2\/posts\/41253\/revisions\/41255"}],"wp:featuredmedia":[{"embeddable":true,"href":"https:\/\/notiissa.mx\/index.php?rest_route=\/wp\/v2\/media\/41254"}],"wp:attachment":[{"href":"https:\/\/notiissa.mx\/index.php?rest_route=%2Fwp%2Fv2%2Fmedia&parent=41253"}],"wp:term":[{"taxonomy":"category","embeddable":true,"href":"https:\/\/notiissa.mx\/index.php?rest_route=%2Fwp%2Fv2%2Fcategories&post=41253"},{"taxonomy":"post_tag","embeddable":true,"href":"https:\/\/notiissa.mx\/index.php?rest_route=%2Fwp%2Fv2%2Ftags&post=41253"}],"curies":[{"name":"wp","href":"https:\/\/api.w.org\/{rel}","templated":true}]}}