{"id":41241,"date":"2021-09-08T16:47:46","date_gmt":"2021-09-08T16:47:46","guid":{"rendered":"https:\/\/notiissa.mx\/?p=41241"},"modified":"2021-09-08T16:47:48","modified_gmt":"2021-09-08T16:47:48","slug":"la-esposa-de-schumacher-comenta-como-es-la-lucha-por-la-recuperacion-del-piloto","status":"publish","type":"post","link":"https:\/\/notiissa.mx\/?p=41241","title":{"rendered":"La esposa de Schumacher comenta c\u00f3mo es la lucha por la recuperaci\u00f3n del piloto"},"content":{"rendered":"\n<p>Y la vida de su familia tras el accidente.<\/p>\n\n\n\n<p>La mujer habl\u00f3 en un nuevo documental de Netflix dedicado al 7 veces campe\u00f3n de F\u00f3rmula 1.<\/p>\n\n\n\n<p>La esposa de Michael Schumacher particip\u00f3 en un nuevo documental de Netflix que lleva el nombre de la leyenda de la F\u00f3rmula 1 y que se estrenar\u00e1 el pr\u00f3ximo de 15 septiembre, donde revel\u00f3 por primera vez algunos detalles de la vida \u00edntima de su familia tras el accidente de esqu\u00ed que dej\u00f3 al piloto con da\u00f1os cerebrales.<\/p>\n\n\n\n<p>\u00abNunca he culpado a Dios por lo que sucedi\u00f3. Fue tan solo realmente mala suerte, toda la mala suerte que uno puede tener en la vida\u00bb, expres\u00f3 Corinna Schumacher, de 52 a\u00f1os, al recordar ese fat\u00eddico hecho que tuvo lugar en los Alpes franceses en diciembre del 2013.<\/p>\n\n\n\n<p>Desde entonces, jam\u00e1s ha vuelto a ser visto en p\u00fablico, mientras sigue recuper\u00e1ndose lentamente bajo el cuidado de su familia. En el 2019, el exjefe de Ferrari y amigo de la familia, Jean Todt, asegur\u00f3 que&nbsp;el estado del 7 veces campe\u00f3n de la F1 iba mejorando, pero que a\u00fan ten\u00eda problemas para comunicarse.<\/p>\n\n\n\n<p>\u00abSiempre es terrible cuando dices &#8216;\u00bfpor qu\u00e9 le est\u00e1 pasando esto a Michael o a nosotros?&#8217; Porque entonces piensas, \u00bfpor qu\u00e9 le sucede a otra gente?\u00bb, razon\u00f3.<\/p>\n\n\n\n<p>\u00abPor supuesto que extra\u00f1o a Michael todos los d\u00edas. Pero no soy la \u00fanica quien lo extra\u00f1a. Est\u00e1n sus hijos, la familia, su padre, todos a su alrededor. Me refiero a que todos extra\u00f1an a Michael, pero Michael est\u00e1 aqu\u00ed. <strong>Diferente, pero est\u00e1 aqu\u00ed y eso nos da fuerzas, me parece<\/strong>\u00ab, se sincer\u00f3.<\/p>\n\n\n\n<p>Luego, al hablar sobre la vida actual de su familia, continu\u00f3: \u00abEstamos juntos. Vivimos juntos en casa, hacemos terapia. Hacemos todo a nuestro alcance para hacer que Michael mejore y para hacer que se sienta c\u00f3modo. Y simplemente <strong>para hacerle sentir parte de nuestra familia, nuestro v\u00ednculo<\/strong>\u00ab.<\/p>\n\n\n\n<p>\u00abY sin importar nada, har\u00e9 todo lo que pueda. Todos lo haremos\u00bb, a\u00f1adi\u00f3.<\/p>\n\n\n\n<p>\u00abTratamos de seguir adelante con la familia tal y como Michael lo quer\u00eda y a\u00fan lo quiere. Y seguimos hacia adelante con nuestras vidas\u00bb, manifest\u00f3.<\/p>\n\n\n\n<p>\u00ab<strong>&#8216;Lo privado es privado&#8217;<\/strong>, c\u00f3mo \u00e9l siempre dec\u00eda. Es muy importante para m\u00ed que \u00e9l pueda continuar disfrutando de su vida privada tanto como sea posible. Michael siempre nos protegi\u00f3 y ahora estamos protegiendo a Michael\u00bb, concluy\u00f3.<\/p>\n\n\n\n<p>Corinna y Michael Schumacher se casaron en 1995. Tienen dos hijos: Gina-Maria, nacida en 1997 y Mick, nacido dos a\u00f1os m\u00e1s tarde, quien actualmente compite en el equipo de Haas de F\u00f3rmula 1.<\/p>\n\n\n\n<p>RT<\/p>\n\n\n\n<p><\/p>\n","protected":false},"excerpt":{"rendered":"<p>Y la vida de su familia tras el accidente. La mujer habl\u00f3 en un nuevo documental de Netflix dedicado al 7 veces campe\u00f3n de F\u00f3rmula 1. La esposa de Michael Schumacher particip\u00f3 en un nuevo documental de Netflix que lleva el nombre de la leyenda de la F\u00f3rmula 1 y que se estrenar\u00e1 el pr\u00f3ximo [&hellip;]<\/p>\n","protected":false},"author":1,"featured_media":41242,"comment_status":"closed","ping_status":"closed","sticky":false,"template":"","format":"standard","meta":{"rop_custom_images_group":[],"rop_custom_messages_group":[],"rop_publish_now":"initial","rop_publish_now_accounts":[],"rop_publish_now_history":[],"rop_publish_now_status":"pending","footnotes":""},"categories":[77],"tags":[23],"class_list":["post-41241","post","type-post","status-publish","format-standard","has-post-thumbnail","hentry","category-ni-lectoris","tag-destacado"],"_links":{"self":[{"href":"https:\/\/notiissa.mx\/index.php?rest_route=\/wp\/v2\/posts\/41241","targetHints":{"allow":["GET"]}}],"collection":[{"href":"https:\/\/notiissa.mx\/index.php?rest_route=\/wp\/v2\/posts"}],"about":[{"href":"https:\/\/notiissa.mx\/index.php?rest_route=\/wp\/v2\/types\/post"}],"author":[{"embeddable":true,"href":"https:\/\/notiissa.mx\/index.php?rest_route=\/wp\/v2\/users\/1"}],"replies":[{"embeddable":true,"href":"https:\/\/notiissa.mx\/index.php?rest_route=%2Fwp%2Fv2%2Fcomments&post=41241"}],"version-history":[{"count":1,"href":"https:\/\/notiissa.mx\/index.php?rest_route=\/wp\/v2\/posts\/41241\/revisions"}],"predecessor-version":[{"id":41243,"href":"https:\/\/notiissa.mx\/index.php?rest_route=\/wp\/v2\/posts\/41241\/revisions\/41243"}],"wp:featuredmedia":[{"embeddable":true,"href":"https:\/\/notiissa.mx\/index.php?rest_route=\/wp\/v2\/media\/41242"}],"wp:attachment":[{"href":"https:\/\/notiissa.mx\/index.php?rest_route=%2Fwp%2Fv2%2Fmedia&parent=41241"}],"wp:term":[{"taxonomy":"category","embeddable":true,"href":"https:\/\/notiissa.mx\/index.php?rest_route=%2Fwp%2Fv2%2Fcategories&post=41241"},{"taxonomy":"post_tag","embeddable":true,"href":"https:\/\/notiissa.mx\/index.php?rest_route=%2Fwp%2Fv2%2Ftags&post=41241"}],"curies":[{"name":"wp","href":"https:\/\/api.w.org\/{rel}","templated":true}]}}