{"id":41212,"date":"2021-09-06T20:18:30","date_gmt":"2021-09-06T20:18:30","guid":{"rendered":"https:\/\/notiissa.mx\/?p=41212"},"modified":"2021-09-06T20:18:31","modified_gmt":"2021-09-06T20:18:31","slug":"pesimismo-turistico-en-mexico-por-huracanes-covid-y-teletrabajo","status":"publish","type":"post","link":"https:\/\/notiissa.mx\/?p=41212","title":{"rendered":"Pesimismo tur\u00edstico en M\u00e9xico por huracanes, covid y teletrabajo"},"content":{"rendered":"\n<p>Ronda el pesimismo en el sector tur\u00edstico de M\u00e9xico, pues a causa de los huracanes, el covid y el teletrabajo, la recuperaci\u00f3n se ver\u00e1 afectada. Es decir, que el descenso de la actividad estar\u00eda aumentando de 7% a 10%.<\/p>\n\n\n\n<p>El presidente de la Asociaci\u00f3n para la Cultura y el Turismo en Am\u00e9rica Latina, Armando Boj\u00f3rquez Patr\u00f3n, se\u00f1al\u00f3 que al aumentar los contagios por covid-19 se bajar\u00eda 3% en el sector pero a eso se le agrega los huracanes, pues entre agosto y septiembre se espera una baja de viajeros.<\/p>\n\n\n\n<p>\u201cSe viene una \u00e9poca dif\u00edcil para el turismo, por toda la cuesti\u00f3n de la pandemia y la \u00e9poca de huracanes. Es una situaci\u00f3n realmente grave\u201d, dijo Boj\u00f3rquez, as\u00ed lo recoge Macrix Noticias.<\/p>\n\n\n\n<p>As\u00ed mismo, la Federaci\u00f3n Mexicana de Asociaciones Tur\u00edsticas (Fematur) ha dicho que las empresas ya vieron que pueden reemplazar los viajes por el teletrabajo, lo cual afectar\u00e1 el turismo de reuniones.<\/p>\n\n\n\n<p>De acuerdo a las tendencias de reuniones presentadas por BCD M&amp;E M\u00e9xico y Latinoam\u00e9rica, el panorama en la industria de reuniones apunta a que los eventos virtuales seguir\u00e1n lo que resta del a\u00f1o y gran parte del siguiente, con una proporci\u00f3n del 60% frente a los presenciales, como dijo <em>REPORTUR.mx<\/em><a href=\"https:\/\/www.reportur.com\/sin-categoria\/2021\/09\/03\/bcd-mexico-prefiere-reuniones-presenciales-virtuales-no-hibridas\/\">.<\/a><\/p>\n\n\n\n<p>REPORTUR<\/p>\n","protected":false},"excerpt":{"rendered":"<p>Ronda el pesimismo en el sector tur\u00edstico de M\u00e9xico, pues a causa de los huracanes, el covid y el teletrabajo, la recuperaci\u00f3n se ver\u00e1 afectada. Es decir, que el descenso de la actividad estar\u00eda aumentando de 7% a 10%. El presidente de la Asociaci\u00f3n para la Cultura y el Turismo en Am\u00e9rica Latina, Armando Boj\u00f3rquez [&hellip;]<\/p>\n","protected":false},"author":1,"featured_media":41213,"comment_status":"closed","ping_status":"closed","sticky":false,"template":"","format":"standard","meta":{"rop_custom_images_group":[],"rop_custom_messages_group":[],"rop_publish_now":"initial","rop_publish_now_accounts":[],"rop_publish_now_history":[],"rop_publish_now_status":"pending","footnotes":""},"categories":[61,77],"tags":[23],"class_list":["post-41212","post","type-post","status-publish","format-standard","has-post-thumbnail","hentry","category-economia","category-ni-lectoris","tag-destacado"],"_links":{"self":[{"href":"https:\/\/notiissa.mx\/index.php?rest_route=\/wp\/v2\/posts\/41212","targetHints":{"allow":["GET"]}}],"collection":[{"href":"https:\/\/notiissa.mx\/index.php?rest_route=\/wp\/v2\/posts"}],"about":[{"href":"https:\/\/notiissa.mx\/index.php?rest_route=\/wp\/v2\/types\/post"}],"author":[{"embeddable":true,"href":"https:\/\/notiissa.mx\/index.php?rest_route=\/wp\/v2\/users\/1"}],"replies":[{"embeddable":true,"href":"https:\/\/notiissa.mx\/index.php?rest_route=%2Fwp%2Fv2%2Fcomments&post=41212"}],"version-history":[{"count":1,"href":"https:\/\/notiissa.mx\/index.php?rest_route=\/wp\/v2\/posts\/41212\/revisions"}],"predecessor-version":[{"id":41214,"href":"https:\/\/notiissa.mx\/index.php?rest_route=\/wp\/v2\/posts\/41212\/revisions\/41214"}],"wp:featuredmedia":[{"embeddable":true,"href":"https:\/\/notiissa.mx\/index.php?rest_route=\/wp\/v2\/media\/41213"}],"wp:attachment":[{"href":"https:\/\/notiissa.mx\/index.php?rest_route=%2Fwp%2Fv2%2Fmedia&parent=41212"}],"wp:term":[{"taxonomy":"category","embeddable":true,"href":"https:\/\/notiissa.mx\/index.php?rest_route=%2Fwp%2Fv2%2Fcategories&post=41212"},{"taxonomy":"post_tag","embeddable":true,"href":"https:\/\/notiissa.mx\/index.php?rest_route=%2Fwp%2Fv2%2Ftags&post=41212"}],"curies":[{"name":"wp","href":"https:\/\/api.w.org\/{rel}","templated":true}]}}