{"id":41033,"date":"2021-08-31T17:44:46","date_gmt":"2021-08-31T17:44:46","guid":{"rendered":"https:\/\/notiissa.mx\/?p=41033"},"modified":"2021-08-31T17:44:47","modified_gmt":"2021-08-31T17:44:47","slug":"llevan-servicios-de-salud-y-alimentarios-a-familias-de-la-zona-rural","status":"publish","type":"post","link":"https:\/\/notiissa.mx\/?p=41033","title":{"rendered":"Llevan servicios de salud y alimentarios a familias de la zona rural"},"content":{"rendered":"\n<p>Ciudad de Chihuahua.- El DIF y Desarrollo Rural del Municipio entreg\u00f3 paquetes alimentarios, \u00fatiles escolares, aparatos ortop\u00e9dicos, as\u00ed como servicio m\u00e9dico, psic\u00f3logos y el programa Act\u00edvate, realizando recorridos y visitas domiciliarias a los habitantes del seccional El Charco.<\/p>\n\n\n\n<p>Las dependencias municipales desplegaron seis programas para atender a cada una de las familias del seccional, con labores de asistencia social, donde los equipos de los centros comunitarios promocionaron las actividades, talleres, as\u00ed como el Club del Abuelo, ofreciendo estos espacios en favor de los habitantes.<\/p>\n\n\n\n<p>Los servicios se ofrecieron en cada uno de los domicilios, con el fin de evitar la movilidad entre la poblaci\u00f3n para prevenir contagios por COVID; adem\u00e1s se proporcionaron kits sanitizantes, invitando a la poblaci\u00f3n a utilizar los diversos elementos b\u00e1sicos de protecci\u00f3n, tales como el cubrebocas y el lavado de manos constante. &nbsp;<\/p>\n\n\n\n<p>Del mismo modo, se realizaron trabajos de difusi\u00f3n por cada domicilio, donde se entreg\u00f3 informaci\u00f3n relativa a los buenos h\u00e1bitos alimenticios y cuidados de la salud, con el fin de prevenir enfermedades cr\u00f3nico degenerativas como diabetes y c\u00e1ncer.<\/p>\n","protected":false},"excerpt":{"rendered":"<p>Ciudad de Chihuahua.- El DIF y Desarrollo Rural del Municipio entreg\u00f3 paquetes alimentarios, \u00fatiles escolares, aparatos ortop\u00e9dicos, as\u00ed como servicio m\u00e9dico, psic\u00f3logos y el programa Act\u00edvate, realizando recorridos y visitas domiciliarias a los habitantes del seccional El Charco. Las dependencias municipales desplegaron seis programas para atender a cada una de las familias del seccional, con [&hellip;]<\/p>\n","protected":false},"author":1,"featured_media":41034,"comment_status":"closed","ping_status":"closed","sticky":false,"template":"","format":"standard","meta":{"rop_custom_images_group":[],"rop_custom_messages_group":[],"rop_publish_now":"initial","rop_publish_now_accounts":[],"rop_publish_now_history":[],"rop_publish_now_status":"pending","footnotes":""},"categories":[67],"tags":[23],"class_list":["post-41033","post","type-post","status-publish","format-standard","has-post-thumbnail","hentry","category-ciudad","tag-destacado"],"_links":{"self":[{"href":"https:\/\/notiissa.mx\/index.php?rest_route=\/wp\/v2\/posts\/41033","targetHints":{"allow":["GET"]}}],"collection":[{"href":"https:\/\/notiissa.mx\/index.php?rest_route=\/wp\/v2\/posts"}],"about":[{"href":"https:\/\/notiissa.mx\/index.php?rest_route=\/wp\/v2\/types\/post"}],"author":[{"embeddable":true,"href":"https:\/\/notiissa.mx\/index.php?rest_route=\/wp\/v2\/users\/1"}],"replies":[{"embeddable":true,"href":"https:\/\/notiissa.mx\/index.php?rest_route=%2Fwp%2Fv2%2Fcomments&post=41033"}],"version-history":[{"count":1,"href":"https:\/\/notiissa.mx\/index.php?rest_route=\/wp\/v2\/posts\/41033\/revisions"}],"predecessor-version":[{"id":41035,"href":"https:\/\/notiissa.mx\/index.php?rest_route=\/wp\/v2\/posts\/41033\/revisions\/41035"}],"wp:featuredmedia":[{"embeddable":true,"href":"https:\/\/notiissa.mx\/index.php?rest_route=\/wp\/v2\/media\/41034"}],"wp:attachment":[{"href":"https:\/\/notiissa.mx\/index.php?rest_route=%2Fwp%2Fv2%2Fmedia&parent=41033"}],"wp:term":[{"taxonomy":"category","embeddable":true,"href":"https:\/\/notiissa.mx\/index.php?rest_route=%2Fwp%2Fv2%2Fcategories&post=41033"},{"taxonomy":"post_tag","embeddable":true,"href":"https:\/\/notiissa.mx\/index.php?rest_route=%2Fwp%2Fv2%2Ftags&post=41033"}],"curies":[{"name":"wp","href":"https:\/\/api.w.org\/{rel}","templated":true}]}}