{"id":40969,"date":"2021-08-29T18:08:52","date_gmt":"2021-08-29T18:08:52","guid":{"rendered":"https:\/\/notiissa.mx\/?p=40969"},"modified":"2021-08-29T18:08:54","modified_gmt":"2021-08-29T18:08:54","slug":"dan-a-conocer-decreto-para-permitir-el-cambio-de-nombre-de-adolescentes-transgenero-en-la-cdmx","status":"publish","type":"post","link":"https:\/\/notiissa.mx\/?p=40969","title":{"rendered":"Dan a conocer decreto para permitir el cambio de nombre de adolescentes transg\u00e9nero en la CDMX"},"content":{"rendered":"\n<p>Para realizar el tr\u00e1mite, las personas mayores de 12 a\u00f1os requerir\u00e1n una autorizaci\u00f3n escrita del padre, madre o tutor que designen para que las acompa\u00f1en durante el proceso.<\/p>\n\n\n\n<p>El Gobierno de la Ciudad de M\u00e9xico dio a conocer que public\u00f3 el pasado 27 de agosto en la Gaceta Oficial un decreto con los lineamientos para garantizar el reconocimiento de la identidad de g\u00e9nero, <strong>lo que implica que las personas mayores de 12 a\u00f1os podr\u00e1n cambiar su acta de nacimiento para que aparezca el g\u00e9nero con el que autoperciben.<\/strong><\/p>\n\n\n\n<p>As\u00ed lo dio a conocer la consejer\u00eda jur\u00eddica capitalina, que se\u00f1al\u00f3 que para la realizaci\u00f3n de este tr\u00e1mite administrativo <strong>se requerir\u00e1 una autorizaci\u00f3n escrita del padre, madre o tutor que designen para que las acompa\u00f1en durante el proceso.<\/strong><\/p>\n\n\n\n<p>La fundadora del colectivo&nbsp;<em>Infancias Trans<\/em>, Tania Morales, se\u00f1al\u00f3 que el decreto <strong>\u201crepresenta un avance en la lucha de las familias con hijas e hijos trans,<\/strong> ya que establece un procedimiento administrativo sencillo, cuya duraci\u00f3n es menor a un mes\u201d.<\/p>\n\n\n\n<p>Se\u00f1al\u00f3 que, a reserva de hacer un an\u00e1lisis m\u00e1s detallado del instrumento, destaca que<strong> est\u00e1 hecho con perspectiva de g\u00e9nero, ya que no impone cargas adicionales a las madres,<\/strong> que son quienes generalmente acompa\u00f1as a las chicas y chicos trans en estos tr\u00e1mites.<\/p>\n\n\n\n<p>Mencion\u00f3 que con estos lineamientos se <strong>\u201cdeja abierta la puerta para analizar casos especiales\u201d<\/strong>, por lo que se celebr\u00f3 la voluntad de la jefa de Gobierno, Claudia Sheinbaum Pardo.<\/p>\n\n\n\n<p><strong>\u201cEsto es resultado de la lucha que durante a\u00f1os han mantenido chicas y chicos trans, sus familias, personas trans de todas las generaciones<\/strong>, las comunidades LGBTIQ+, las mujeres y personas aliadas, as\u00ed como legisladoras, legisladores y personas defensoras de derechos humanos\u201d, finaliz\u00f3 en un breve video difundido por Twitter.<\/p>\n\n\n\n<p>Por su parte, Luis Tirado, joven trans y quien es hijo de la activista Tania Morales, asegur\u00f3 en su cuenta de <em>Twitter<\/em> que<strong> \u201cesta felicidad no se compara con nada\u201d y agradeci\u00f3 a todas y a todos por su \u201cimplacable lucha\u201d.<\/strong><\/p>\n\n\n\n<p>La Direcci\u00f3n General de Diversidad Sexual y Derechos Humanos del gobierno capitalino, asever\u00f3 que \u201ceste cambio administrativo contribuye al reconocimiento la identidad de g\u00e9nero de las personas trans\u201d y agradeci\u00f3 a las organizaciones y activistas,<strong> \u201cque no cejaron en apostar por la igualdad, por la inclusi\u00f3n y por los derechos humanos\u201d.<\/strong><\/p>\n\n\n\n<p>Mencion\u00f3 que el gobierno de Claudia Sheinbaum tiene un compromiso firme \u201cpor la inclusi\u00f3n de todas, todos y todes, <strong>con el di\u00e1logo, el establecimiento de acuerdos y la implementaci\u00f3n de acciones claras\u201d para hacer valer los derechos.<\/strong><\/p>\n\n\n\n<p>De acuerdo con un informe de la Organizaci\u00f3n de Estados Americanos (OEA), publicado en 2020, <strong>desde el a\u00f1o 2015 se ha reconocido la identidad de g\u00e9nero de casi 5 mil personas en el pa\u00eds<\/strong>, la mayor parte de estos casos en la Ciudad de M\u00e9xico.<\/p>\n\n\n\n<p><strong>En 2020 hubo 79 asesinatos de personas del colectivo LGTBQ+ en el pa\u00eds, de los cu\u00e1les m\u00e1s de la mitad fueron contra personas trans<\/strong>. El Observatorio de Asesinatos Trans asegur\u00f3 que la esperanza de vida media de este grupo poblacional no supera los 35 a\u00f1os.<\/p>\n\n\n\n<p>A mediados de este mes, la Universidad Nacional Aut\u00f3noma de M\u00e9xico (UNAM) <strong>cambi\u00f3 el nombre de una alumna trans en documentos oficiales.<\/strong> La joven llamada Sof\u00eda Pastrana cursa el octavo semestre de la carrera de Econom\u00eda en la m\u00e1xima casa de estudios.<\/p>\n\n\n\n<p><strong>En M\u00e9xico es posible sustituir el nombre en caso de cambio de estado civil, nacionalidad, filiaci\u00f3n o sexo, entre otras circunstancias<\/strong>. A este tr\u00e1mite se le conoce como \u201caclaraci\u00f3n de acta por enmienda\u201d.<\/p>\n\n\n\n<p>Ya en la licenciatura y con su cambio de nombre legalmente envi\u00f3 de nueva cuenta los correos a sus profesores, pero la Direcci\u00f3n General de Administraci\u00f3n Escolar (DGAE) le notific\u00f3 que su nombre \u201cAna Sof\u00eda\u201d ya aparecer\u00eda en las actas de los docentes: \u201c<strong>Qu\u00e9 bueno que la UNAM est\u00e1 muy especializada en estos temas\u201d, considera.<\/strong><\/p>\n\n\n\n<p><\/p>\n\n\n\n<p>AN \/ MDS<\/p>\n","protected":false},"excerpt":{"rendered":"<p>Para realizar el tr\u00e1mite, las personas mayores de 12 a\u00f1os requerir\u00e1n una autorizaci\u00f3n escrita del padre, madre o tutor que designen para que las acompa\u00f1en durante el proceso. El Gobierno de la Ciudad de M\u00e9xico dio a conocer que public\u00f3 el pasado 27 de agosto en la Gaceta Oficial un decreto con los lineamientos para [&hellip;]<\/p>\n","protected":false},"author":1,"featured_media":40970,"comment_status":"closed","ping_status":"closed","sticky":false,"template":"","format":"standard","meta":{"rop_custom_images_group":[],"rop_custom_messages_group":[],"rop_publish_now":"initial","rop_publish_now_accounts":[],"rop_publish_now_history":[],"rop_publish_now_status":"pending","footnotes":""},"categories":[72,77],"tags":[],"class_list":["post-40969","post","type-post","status-publish","format-standard","has-post-thumbnail","hentry","category-estado","category-ni-lectoris"],"_links":{"self":[{"href":"https:\/\/notiissa.mx\/index.php?rest_route=\/wp\/v2\/posts\/40969","targetHints":{"allow":["GET"]}}],"collection":[{"href":"https:\/\/notiissa.mx\/index.php?rest_route=\/wp\/v2\/posts"}],"about":[{"href":"https:\/\/notiissa.mx\/index.php?rest_route=\/wp\/v2\/types\/post"}],"author":[{"embeddable":true,"href":"https:\/\/notiissa.mx\/index.php?rest_route=\/wp\/v2\/users\/1"}],"replies":[{"embeddable":true,"href":"https:\/\/notiissa.mx\/index.php?rest_route=%2Fwp%2Fv2%2Fcomments&post=40969"}],"version-history":[{"count":1,"href":"https:\/\/notiissa.mx\/index.php?rest_route=\/wp\/v2\/posts\/40969\/revisions"}],"predecessor-version":[{"id":40971,"href":"https:\/\/notiissa.mx\/index.php?rest_route=\/wp\/v2\/posts\/40969\/revisions\/40971"}],"wp:featuredmedia":[{"embeddable":true,"href":"https:\/\/notiissa.mx\/index.php?rest_route=\/wp\/v2\/media\/40970"}],"wp:attachment":[{"href":"https:\/\/notiissa.mx\/index.php?rest_route=%2Fwp%2Fv2%2Fmedia&parent=40969"}],"wp:term":[{"taxonomy":"category","embeddable":true,"href":"https:\/\/notiissa.mx\/index.php?rest_route=%2Fwp%2Fv2%2Fcategories&post=40969"},{"taxonomy":"post_tag","embeddable":true,"href":"https:\/\/notiissa.mx\/index.php?rest_route=%2Fwp%2Fv2%2Ftags&post=40969"}],"curies":[{"name":"wp","href":"https:\/\/api.w.org\/{rel}","templated":true}]}}