{"id":40965,"date":"2021-08-29T17:58:34","date_gmt":"2021-08-29T17:58:34","guid":{"rendered":"https:\/\/notiissa.mx\/?p=40965"},"modified":"2021-08-29T17:59:22","modified_gmt":"2021-08-29T17:59:22","slug":"marcelo-ebrard-mexico-trabaja-en-una-propuesta-para-sustituir-a-la-oea","status":"publish","type":"post","link":"https:\/\/notiissa.mx\/?p=40965","title":{"rendered":"Marcelo Ebrard: \u00abM\u00e9xico trabaja en una propuesta para sustituir a la OEA\u00bb"},"content":{"rendered":"\n<p>El secretario de Relaciones Exteriores, Marcelo Ebrard, adelant\u00f3 que en la pr\u00f3xima cumbre de la Comunidad de Estados Latinoamericanos y Caribe\u00f1os (Celac), que se llevar\u00e1 a cambio el pr\u00f3ximo 18 de septiembre, se fijar\u00e1n los pasos a seguir.<\/p>\n\n\n\n<p>El secretario de Relaciones Exteriores (SRE), Marcelo Ebrard Casaub\u00f3n, anunci\u00f3 este s\u00e1bado que M\u00e9xico trabaja en una <strong>propuesta para la creaci\u00f3n de una organizaci\u00f3n que sustituya a la Organizaci\u00f3n de los Estados Americanos (OEA).<\/strong><\/p>\n\n\n\n<p>En el marco de su participaci\u00f3n en la reuni\u00f3n plenaria de los senadores del Movimiento de Regeneraci\u00f3n Nacional (Morena), el canciller se\u00f1al\u00f3 que la propuesta del gobierno mexicano es <strong>\u201cadi\u00f3s OEA en su sentido intervencionista, injerencista, hegemonista\u201d.<\/strong><\/p>\n\n\n\n<p>En ese sentido, dijo que la idea que exista una nueva organizaci\u00f3n que <strong>se constituya pol\u00edticamente en acuerdo con Estados Unidos<\/strong>, pero que sea acorde con el siglo XXI y no con \u201cel Siglo XIX o el Siglo XX, la Guerra Fr\u00eda\u201d.<\/p>\n\n\n\n<p>Se\u00f1al\u00f3 que la propuesta del presidente Andr\u00e9s Manuel L\u00f3pez Obrador tiene que ver con la construcci\u00f3n de una nueva relaci\u00f3n entre Am\u00e9rica Latina, el Caribe y los Estados Unidos: <strong>\u201cAlguien le tiene que mandar un oficio, o algo, a Almagro, pero la OEA no puede seguir siendo un instrumento de intervenci\u00f3n\u201d.<\/strong><\/p>\n\n\n\n<p>Se\u00f1al\u00f3 que en la pr\u00f3xima cumbre de la Comunidad de Estados Latinoamericanos y Caribe\u00f1os (Celac), <strong>que se llevar\u00e1 a cambio el pr\u00f3ximo 18 de septiembre, se fijar\u00e1n los pasos a seguir<\/strong> y mencion\u00f3 que el \u201cexcelente di\u00e1logo\u201d que mantiene el presidente L\u00f3pez Obrador con el mandatario estadounidense, Joe Biden, y su vicepresidenta Kamala Harris, servir\u00e1 para facilitar un acuerdo en este sentido.<\/p>\n\n\n\n<p>El pasado 24 de julio, el presidente Andr\u00e9s Manuel L\u00f3pez Obrador propuso a los cancilleres latinoamericanos la <strong>sustituci\u00f3n de la OEA por un organismo que sea verdaderamente aut\u00f3nomo, semejante a la Uni\u00f3n Europea.<\/strong><\/p>\n\n\n\n<p>\u201cNo debe descartarse la sustituci\u00f3n de la OEA por un organismo verdaderamente aut\u00f3nomo, <strong>no lacayo de nadie sino mediador a petici\u00f3n y aceptaci\u00f3n de las partes en conflicto\u201c<\/strong>, dijo entonces ante los representantes de la Celac.<\/p>\n\n\n\n<p>\u201cLa propuesta es ni m\u00e1s ni menos que construir algo semejante a la Uni\u00f3n Europea, <strong>pero apegado a nuestra historia, nuestra realidad y a nuestras identidades\u201d,<\/strong> agreg\u00f3 entonces, en el marco de la conmemoraci\u00f3n del 238 aniversario de Sim\u00f3n Bol\u00edvar celebrada en el Castillo de Chapultepec.<\/p>\n\n\n\n<p><strong>\u201cLo aqu\u00ed planteado puede parecer una utop\u00eda<\/strong>; sin embargo, debe considerarse que, sin el horizonte de los ideales, no se llega a ning\u00fan lado y que, en consecuencia, vale la pena intentarlo. Mantengamos vivo el sue\u00f1o de Bol\u00edvar\u201d, coment\u00f3.<\/p>\n\n\n\n<p>El lunes 23 de agosto, el dirigente del PAN, Marko Cort\u00e9s, el del PRI, Alejandro Moreno, y el del PRD, Jes\u00fas Zambrano, denunciaron ante el secretario general de la OEA, Luis Almagro,<strong> la supuesta intromisi\u00f3n del crimen organizado en las elecciones del 6 de junio en M\u00e9xico.<\/strong><\/p>\n\n\n\n<p><strong>El panista expres\u00f3 cuatro preocupaciones:<\/strong> \u201cLa primera, la intromisi\u00f3n del crimen organizado en el pasado proceso electoral. La segunda, el uso faccioso, doloso de las instituciones para perseguir y amedrentar a los opositores. La tercera, el hostigamiento permanente del gobierno federal en contra del INE y el Tribunal Electoral. Y la cuarta, y no menos importante, tambi\u00e9n la persecuci\u00f3n a los medios de comunicaci\u00f3n y a l\u00edderes de opini\u00f3n que se han atrevido a disentir de lo que est\u00e1 ocurriendo con el gobierno\u201d.<\/p>\n\n\n\n<p>Es momento, dijo, de levantar la voz y de defender a M\u00e9xico, porque <strong>nuestro pa\u00eds tiene que seguir siendo una democracia<\/strong> en donde la voz de todos los mexicanos sea escuchada y tomada en cuenta.<\/p>\n\n\n\n<p>Entrevistado al final del encuentro, inform\u00f3 que hicieron varias solicitudes a Almagro, entre otras, que en su reuni\u00f3n general planteen el tema y&nbsp;<strong>puedan generar algunas recomendaciones u opiniones al respecto, a lo que Almagro mostr\u00f3 disposici\u00f3n absoluta.<\/strong><\/p>\n\n\n\n<p>Ese d\u00eda, el presidente L\u00f3pez Obrador asegur\u00f3 que no le preocupaba la denuncia de la oposici\u00f3n, porque est\u00e1 en su derecho leg\u00edtimo. No obstante,<strong> record\u00f3 que el organismo internacional ya calific\u00f3 los comicios sin encontrar irregularidades.<\/strong><\/p>\n\n\n\n<p>Adem\u00e1s, afirm\u00f3 que no tendr\u00eda ning\u00fan problema si la OEA y la ONU visitan M\u00e9xico para investigar el proceso electoral del pasado 6 de junio. <strong>Afirm\u00f3 que su Gobierno no establece relaciones de complicidad ni con la delincuencia organizada ni con la delincuencia de cuello blanco.<\/strong> Sostuvo que la denuncia que har\u00e1 la oposici\u00f3n por supuesta narcoelecci\u00f3n es pura politiquer\u00eda.<\/p>\n\n\n\n<p>AN \/ MDS<\/p>\n","protected":false},"excerpt":{"rendered":"<p>El secretario de Relaciones Exteriores, Marcelo Ebrard, adelant\u00f3 que en la pr\u00f3xima cumbre de la Comunidad de Estados Latinoamericanos y Caribe\u00f1os (Celac), que se llevar\u00e1 a cambio el pr\u00f3ximo 18 de septiembre, se fijar\u00e1n los pasos a seguir. El secretario de Relaciones Exteriores (SRE), Marcelo Ebrard Casaub\u00f3n, anunci\u00f3 este s\u00e1bado que M\u00e9xico trabaja en una [&hellip;]<\/p>\n","protected":false},"author":1,"featured_media":40966,"comment_status":"closed","ping_status":"closed","sticky":false,"template":"","format":"standard","meta":{"rop_custom_images_group":[],"rop_custom_messages_group":[],"rop_publish_now":"initial","rop_publish_now_accounts":[],"rop_publish_now_history":[],"rop_publish_now_status":"pending","footnotes":""},"categories":[60],"tags":[],"class_list":["post-40965","post","type-post","status-publish","format-standard","has-post-thumbnail","hentry","category-sonnoticia"],"_links":{"self":[{"href":"https:\/\/notiissa.mx\/index.php?rest_route=\/wp\/v2\/posts\/40965","targetHints":{"allow":["GET"]}}],"collection":[{"href":"https:\/\/notiissa.mx\/index.php?rest_route=\/wp\/v2\/posts"}],"about":[{"href":"https:\/\/notiissa.mx\/index.php?rest_route=\/wp\/v2\/types\/post"}],"author":[{"embeddable":true,"href":"https:\/\/notiissa.mx\/index.php?rest_route=\/wp\/v2\/users\/1"}],"replies":[{"embeddable":true,"href":"https:\/\/notiissa.mx\/index.php?rest_route=%2Fwp%2Fv2%2Fcomments&post=40965"}],"version-history":[{"count":2,"href":"https:\/\/notiissa.mx\/index.php?rest_route=\/wp\/v2\/posts\/40965\/revisions"}],"predecessor-version":[{"id":40968,"href":"https:\/\/notiissa.mx\/index.php?rest_route=\/wp\/v2\/posts\/40965\/revisions\/40968"}],"wp:featuredmedia":[{"embeddable":true,"href":"https:\/\/notiissa.mx\/index.php?rest_route=\/wp\/v2\/media\/40966"}],"wp:attachment":[{"href":"https:\/\/notiissa.mx\/index.php?rest_route=%2Fwp%2Fv2%2Fmedia&parent=40965"}],"wp:term":[{"taxonomy":"category","embeddable":true,"href":"https:\/\/notiissa.mx\/index.php?rest_route=%2Fwp%2Fv2%2Fcategories&post=40965"},{"taxonomy":"post_tag","embeddable":true,"href":"https:\/\/notiissa.mx\/index.php?rest_route=%2Fwp%2Fv2%2Ftags&post=40965"}],"curies":[{"name":"wp","href":"https:\/\/api.w.org\/{rel}","templated":true}]}}