{"id":40949,"date":"2021-08-28T19:12:07","date_gmt":"2021-08-28T19:12:07","guid":{"rendered":"https:\/\/notiissa.mx\/?p=40949"},"modified":"2021-08-28T19:12:08","modified_gmt":"2021-08-28T19:12:08","slug":"aeropuerto-de-tulum-tendra-estacion-de-tren-maya","status":"publish","type":"post","link":"https:\/\/notiissa.mx\/?p=40949","title":{"rendered":"Aeropuerto de Tulum tendr\u00e1 estaci\u00f3n de Tren Maya"},"content":{"rendered":"\n<p>Mary Hern\u00e1ndez, la presidenta municipal de Felipe Carrillo Puerto, el municipio donde se construir\u00e1 el Aeropuerto de Tulum, ha anunciado que la terminal a\u00e9rea tendr\u00e1 una parada del Tren Maya.<\/p>\n\n\n\n<p>De hecho, ha destacado que Felipe Carrillo Puerto ser\u00e1 el \u00fanico municipio en la ruta del Tren Maya que tendr\u00e1 dos estaciones: una en la cabecera y la otra en el Aeropuerto de Tulum.<\/p>\n\n\n\n<p>El presidente de M\u00e9xico, Andr\u00e9s Manuel L\u00f3pez Obrador (AMLO), revel\u00f3 esta semana la compra y ubicaci\u00f3n de los terrenos donde se construir\u00e1 el Aeropuerto de Tulum. El acuerdo de compra contempla 1,200 hect\u00e1reas de ejidatarios del sector de Felipe Carrillo Puerto.<\/p>\n\n\n\n<p>AMLO tambi\u00e9n coment\u00f3 que se est\u00e1 creando una empresa que controlar\u00e1 el nuevo aeropuerto y ser\u00e1 administrada por el ej\u00e9rcito, la cual operar\u00e1 la terminal de Tulum, la de Santa Luc\u00eda y el Tren Maya.<\/p>\n\n\n\n<p>Los ingresos de esta nueva infraestructura se destinar\u00e1n para cubrir las pensiones y jubilaciones de las fuerzas armadas, adelant\u00f3 el mandatario a finales de 2020.<\/p>\n\n\n\n<p>REPORTUR<\/p>\n","protected":false},"excerpt":{"rendered":"<p>Mary Hern\u00e1ndez, la presidenta municipal de Felipe Carrillo Puerto, el municipio donde se construir\u00e1 el Aeropuerto de Tulum, ha anunciado que la terminal a\u00e9rea tendr\u00e1 una parada del Tren Maya. De hecho, ha destacado que Felipe Carrillo Puerto ser\u00e1 el \u00fanico municipio en la ruta del Tren Maya que tendr\u00e1 dos estaciones: una en la [&hellip;]<\/p>\n","protected":false},"author":1,"featured_media":40950,"comment_status":"closed","ping_status":"closed","sticky":false,"template":"","format":"standard","meta":{"rop_custom_images_group":[],"rop_custom_messages_group":[],"rop_publish_now":"initial","rop_publish_now_accounts":[],"rop_publish_now_history":[],"rop_publish_now_status":"pending","footnotes":""},"categories":[75,61],"tags":[23],"class_list":["post-40949","post","type-post","status-publish","format-standard","has-post-thumbnail","hentry","category-actualidad","category-economia","tag-destacado"],"_links":{"self":[{"href":"https:\/\/notiissa.mx\/index.php?rest_route=\/wp\/v2\/posts\/40949","targetHints":{"allow":["GET"]}}],"collection":[{"href":"https:\/\/notiissa.mx\/index.php?rest_route=\/wp\/v2\/posts"}],"about":[{"href":"https:\/\/notiissa.mx\/index.php?rest_route=\/wp\/v2\/types\/post"}],"author":[{"embeddable":true,"href":"https:\/\/notiissa.mx\/index.php?rest_route=\/wp\/v2\/users\/1"}],"replies":[{"embeddable":true,"href":"https:\/\/notiissa.mx\/index.php?rest_route=%2Fwp%2Fv2%2Fcomments&post=40949"}],"version-history":[{"count":1,"href":"https:\/\/notiissa.mx\/index.php?rest_route=\/wp\/v2\/posts\/40949\/revisions"}],"predecessor-version":[{"id":40951,"href":"https:\/\/notiissa.mx\/index.php?rest_route=\/wp\/v2\/posts\/40949\/revisions\/40951"}],"wp:featuredmedia":[{"embeddable":true,"href":"https:\/\/notiissa.mx\/index.php?rest_route=\/wp\/v2\/media\/40950"}],"wp:attachment":[{"href":"https:\/\/notiissa.mx\/index.php?rest_route=%2Fwp%2Fv2%2Fmedia&parent=40949"}],"wp:term":[{"taxonomy":"category","embeddable":true,"href":"https:\/\/notiissa.mx\/index.php?rest_route=%2Fwp%2Fv2%2Fcategories&post=40949"},{"taxonomy":"post_tag","embeddable":true,"href":"https:\/\/notiissa.mx\/index.php?rest_route=%2Fwp%2Fv2%2Ftags&post=40949"}],"curies":[{"name":"wp","href":"https:\/\/api.w.org\/{rel}","templated":true}]}}