{"id":40946,"date":"2021-08-28T18:37:34","date_gmt":"2021-08-28T18:37:34","guid":{"rendered":"https:\/\/notiissa.mx\/?p=40946"},"modified":"2021-08-28T18:37:35","modified_gmt":"2021-08-28T18:37:35","slug":"con-o-sin-mbappe-real-madrid-puede-competir-con-cualquiera-ancelotti","status":"publish","type":"post","link":"https:\/\/notiissa.mx\/?p=40946","title":{"rendered":"Con o sin Mbapp\u00e9, Real Madrid puede competir con cualquiera: Ancelotti"},"content":{"rendered":"\n<p>El Madrid ha presentado una oferta de 180 millones de euros por Mbapp\u00e9 despu\u00e9s de que el PSG rechaz\u00f3 una propuesta inicial de 160 millones de euros.<\/p>\n\n\n\n<p>El t\u00e9cnico del Real Madrid, Carlo Ancelotti, no quiso profundizar el viernes sobre la posible llegada al club del delantero del <strong>Paris St Germain<\/strong> Kylian Mbapp\u00e9, en medio de las especulaciones de que el franc\u00e9s podr\u00eda unirse al equipo antes de que se cierre la ventana de transferencias la pr\u00f3xima semana.<\/p>\n\n\n\n<p>El Madrid ha presentado una oferta de 180 millones de euros (211,48 millones de d\u00f3lares) por Mbapp\u00e9 despu\u00e9s de que el <strong>PSG rechaz\u00f3 una propuesta inicial de 160 millones de euros<\/strong>, inform\u00f3 el jueves el diario franc\u00e9s L\u2019Equipe.<\/p>\n\n\n\n<p>El atacante de 22 a\u00f1os, que se uni\u00f3 al PSG procedente del AS M\u00f3naco en 2017 inicialmente a pr\u00e9stamo, ha sido vinculado durante mucho tiempo con un cambio al club blanco y le queda un a\u00f1o de contrato con el PSG.<\/p>\n\n\n\n<p>Las especulaciones sobre su traspaso se intensificaron despu\u00e9s de que el PSG fich\u00f3 a <strong>Lionel Messi procedente del Barcelona<\/strong> a principios de este mes.<\/p>\n\n\n\n<p>\u201cExtra\u00f1a pregunta, no me la esperaba\u201d, brome\u00f3 Ancelotti en respuesta a una consulta sobre si el Madrid lograr\u00e1 el acuerdo con Mbapp\u00e9, durante una conferencia de prensa antes de enfrentar el s\u00e1bado al Real Betis.<\/p>\n\n\n\n<p>\u201cEs algo que maneja el club. Entiendo que esto es interesante, pero no puedo decir m\u00e1s. <strong>Mbapp\u00e9 es un gran jugador<\/strong>, esa es la verdad. Pero yo me centro en mis jugadores. Repito: mi plantilla es fant\u00e1stica. Podemos competir con cualquier equipo del mundo\u201d.<\/p>\n\n\n\n<p>El italiano tambi\u00e9n se neg\u00f3 a comentar sobre el precio de Mbapp\u00e9, al decir que no estaba interesado en \u201cla pol\u00edtica del f\u00fatbol\u201d.<\/p>\n\n\n\n<p><strong>Ancelotti<\/strong> agreg\u00f3 que no ha discutido la posibilidad de que el Madrid fiche a Mbapp\u00e9 con ning\u00fan miembro de su actual plantel.<\/p>\n\n\n\n<p>\u201cCon ellos hablo de trabajo, de formaciones\u201d, dijo el DT. \u201cNo hablamos del mercado. Hay jugadores que ven que no est\u00e1n jugando y pueden pensar en irse, ese es su mercado individual (\u2026) Hay mucha competencia, pero hay muchos partidos, <strong>la Champions se acerca<\/strong>. Los voy a necesitar a todos\u201d.<\/p>\n\n\n\n<p>El Madrid visitar\u00e1 al Betis para su \u00faltimo partido antes del receso internacional, tras haber conseguido cuatro puntos en dos partidos hasta el momento luego de una victoria 4-1 en la jornada inaugural ante el Alav\u00e9s y un empate 3-3 con el Levante. <\/p>\n\n\n\n<p>RT.<\/p>\n\n\n\n<p>AN \/ LP<\/p>\n","protected":false},"excerpt":{"rendered":"<p>El Madrid ha presentado una oferta de 180 millones de euros por Mbapp\u00e9 despu\u00e9s de que el PSG rechaz\u00f3 una propuesta inicial de 160 millones de euros. El t\u00e9cnico del Real Madrid, Carlo Ancelotti, no quiso profundizar el viernes sobre la posible llegada al club del delantero del Paris St Germain Kylian Mbapp\u00e9, en medio [&hellip;]<\/p>\n","protected":false},"author":1,"featured_media":40947,"comment_status":"closed","ping_status":"closed","sticky":false,"template":"","format":"standard","meta":{"rop_custom_images_group":[],"rop_custom_messages_group":[],"rop_publish_now":"initial","rop_publish_now_accounts":[],"rop_publish_now_history":[],"rop_publish_now_status":"pending","footnotes":""},"categories":[70],"tags":[23],"class_list":["post-40946","post","type-post","status-publish","format-standard","has-post-thumbnail","hentry","category-espectaculos","tag-destacado"],"_links":{"self":[{"href":"https:\/\/notiissa.mx\/index.php?rest_route=\/wp\/v2\/posts\/40946","targetHints":{"allow":["GET"]}}],"collection":[{"href":"https:\/\/notiissa.mx\/index.php?rest_route=\/wp\/v2\/posts"}],"about":[{"href":"https:\/\/notiissa.mx\/index.php?rest_route=\/wp\/v2\/types\/post"}],"author":[{"embeddable":true,"href":"https:\/\/notiissa.mx\/index.php?rest_route=\/wp\/v2\/users\/1"}],"replies":[{"embeddable":true,"href":"https:\/\/notiissa.mx\/index.php?rest_route=%2Fwp%2Fv2%2Fcomments&post=40946"}],"version-history":[{"count":1,"href":"https:\/\/notiissa.mx\/index.php?rest_route=\/wp\/v2\/posts\/40946\/revisions"}],"predecessor-version":[{"id":40948,"href":"https:\/\/notiissa.mx\/index.php?rest_route=\/wp\/v2\/posts\/40946\/revisions\/40948"}],"wp:featuredmedia":[{"embeddable":true,"href":"https:\/\/notiissa.mx\/index.php?rest_route=\/wp\/v2\/media\/40947"}],"wp:attachment":[{"href":"https:\/\/notiissa.mx\/index.php?rest_route=%2Fwp%2Fv2%2Fmedia&parent=40946"}],"wp:term":[{"taxonomy":"category","embeddable":true,"href":"https:\/\/notiissa.mx\/index.php?rest_route=%2Fwp%2Fv2%2Fcategories&post=40946"},{"taxonomy":"post_tag","embeddable":true,"href":"https:\/\/notiissa.mx\/index.php?rest_route=%2Fwp%2Fv2%2Ftags&post=40946"}],"curies":[{"name":"wp","href":"https:\/\/api.w.org\/{rel}","templated":true}]}}