{"id":40883,"date":"2021-08-26T03:07:45","date_gmt":"2021-08-26T03:07:45","guid":{"rendered":"https:\/\/notiissa.mx\/?p=40883"},"modified":"2021-08-26T03:07:47","modified_gmt":"2021-08-26T03:07:47","slug":"cancun-ocupacion-baja-al-58-con-menor-gasto-por-turista","status":"publish","type":"post","link":"https:\/\/notiissa.mx\/?p=40883","title":{"rendered":"Canc\u00fan: ocupaci\u00f3n baja al 58% con menor gasto por turista"},"content":{"rendered":"\n<p>De acuerdo con la Asociaci\u00f3n de Hoteles de Canc\u00fan, Puerto Morelos e Isla Mujeres, la ocupaci\u00f3n baj\u00f3 al 58%, en los tres destinos, aunque durante el verano, alcanzaron algunos centros de hospedaje hasta 70% y para ello se dieron permisos especiales.<\/p>\n\n\n\n<p>Conf\u00edan que el mes de agosto cierre a\u00fan con buenas cifras y como sucedi\u00f3 el a\u00f1o pasado no se tenga una denominada temporada baja, pues la apertura de los mercados va a permitir que se mantengan al menos arriba de 50%.<\/p>\n\n\n\n<p>Andr\u00e9s Aguilar Becerril, encargado de despacho de la Secretar\u00eda de Turismo, en Quintana Roo, mencion\u00f3 de su aldo que si bien en llegada de visitantes, reportaron un alza, a\u00fan en derrama se est\u00e1 30% abajo, y es ah\u00ed donde se debe trabajar.<\/p>\n\n\n\n<p>La primera estimaci\u00f3n para el verano era de 2.6 millones de pasajeros, lo que representar\u00eda una derrama econ\u00f3mica de mil 987 d\u00f3lares. La derrama se mantendr\u00e1, aunque el n\u00famero de viajeros fue mayor, y llegaron tanto v\u00eda carretera como a\u00e9rea.<\/p>\n\n\n\n<p>\u201cLos dos mercados m\u00e1s importantes es de Estados Unidos y dom\u00e9stico, con indicadores al alza. Quintana Roo ya tienen una conectividad con 80 aeropuertos, y esto es positivo para el destino, sin embargo, debemos seguir al pendiente de c\u00f3mo avanza la pandemia en el resto de los pa\u00edses\u201d, agreg\u00f3.<\/p>\n\n\n\n<p>\u201cA\u00fan mantenemos n\u00fameros de 120 mil viajeros de manera semanal al destino, sin embargo, esperamos que lleguen m\u00e1s, pues estamos aumentado la conectividad \u00e1rea. El \u00faltimo anuncio que se tuvo fue del vuelo entre Sao Paolo y Canc\u00fan que arrancar\u00e1 en diciembre, lo que se suma a la oferta que se tiene\u201d, agreg\u00f3.<\/p>\n\n\n\n<p>\u201cLa reanudaci\u00f3n de los vuelos entre Santiago de Chile y Canc\u00fan por parte de Latam Airlines, a partir del 10 de septiembre pr\u00f3ximo, generar\u00e1 una derrama de 10 millones 134 mil d\u00f3lares durante los \u00faltimos cuatro meses del presente a\u00f1o\u201d, se\u00f1al\u00f3&nbsp;el secretario de Turismo del Gobierno de M\u00e9xico, Miguel Torruco Marqu\u00e9s.<\/p>\n\n\n\n<p>El funcionario destac\u00f3 que durante&nbsp;el 2020 la llegada de turistas chilenos al aeropuerto de Canc\u00fan fue de 27 mil 590, los cuales generaron una derrama econ\u00f3mica de 27 millones 365 mil d\u00f3lares.<\/p>\n\n\n\n<p>Apunt\u00f3 que durante el primer semestre del a\u00f1o,&nbsp;el volumen de chilenos que arribaron a Canc\u00fan fue de 18 mil 807,&nbsp; los cuales&nbsp;dejaron una derrama econ\u00f3mica de 20 millones 298 mil d\u00f3lares.<\/p>\n\n\n\n<p>Por su parte, la gerente general de la aerol\u00ednea en M\u00e9xico, Diana Olivares, se\u00f1al\u00f3 que Latam contin\u00faa su proceso de reactivaci\u00f3n gradual de operaciones internacionales, las cuales fueron suspendidas desde el 28 de febrero de 2021, fecha en la que realiz\u00f3 sus \u00faltimas operaciones entre Santiago de Chile, Canc\u00fan y Ciudad de M\u00e9xico.<\/p>\n\n\n\n<p>Como dijo <em>REPORTUR.mx<\/em>, este vuelo convertir\u00e1 a Latam en la \u00fanica aerol\u00ednea en ofrecer un vuelo directo de la capital Chilena a Canc\u00fan y viceversa, con lo cual\u00a0podr\u00e1 atender la creciente demanda de turismo en ambos destinos.<\/p>\n\n\n\n<p>De acuerdo al titular de Sectur, la llegada de pasajeros a Canc\u00fan por las principales aerol\u00edneas sudamericanas, ubicaron a Latam Airlines en la posici\u00f3n n\u00famero siete el a\u00f1o pasado, y en el lugar nueve de enero a junio de este 2021.<\/p>\n\n\n\n<p>Seg\u00fan datos de la Official Airline Guide (OAG), para el periodo del 10 de septiembre al 31 de diciembre de 2021, la programaci\u00f3n de vuelos y asientos operados por Latam Airlines provenientes de Santiago de Chile a Canc\u00fan es de 30 vuelos, con una oferta de 9 mil 390 asientos.<\/p>\n\n\n\n<p>Cabe destacar que la aerol\u00ednea contin\u00faa su reactivaci\u00f3n paulatina en el pa\u00eds a los tres destinos que manten\u00eda desde M\u00e9xico. Recientemente la aerol\u00ednea anunci\u00f3 que desde Ciudad de M\u00e9xico mantienen a la fecha tres vuelos a Lima, los cuales se incrementar\u00e1n a 6 para octubre y a partir del 01 de noviembre estos ser\u00e1n diarios.<\/p>\n\n\n\n<p>Asimismo, se\u00f1al\u00f3 la reactivaci\u00f3n paulatina que han tenido de Ciudad de M\u00e9xico a Sao Paulo, ruta en la cual comenzaron con tres frecuencias a la semana, pasaron a 5 y para octubre contar\u00e1n tambi\u00e9n con un vuelo diario. Y a pesar de las restricciones que a\u00fan mantiene Chile y el cierre de sus fronteras, en agosto lograron operar tres vuelos a la semana desde Ciudad de M\u00e9xico, y en septiembre comenzar\u00e1n el tan esperado vuelo a Canc\u00fan.<\/p>\n\n\n\n<p>Desde Canc\u00fan la aerol\u00ednea mantiene un vuelo diario a Lima, y un vuelo tres veces a la semana a Sao Paulo.<\/p>\n\n\n\n<p>Reportur<\/p>\n","protected":false},"excerpt":{"rendered":"<p>De acuerdo con la Asociaci\u00f3n de Hoteles de Canc\u00fan, Puerto Morelos e Isla Mujeres, la ocupaci\u00f3n baj\u00f3 al 58%, en los tres destinos, aunque durante el verano, alcanzaron algunos centros de hospedaje hasta 70% y para ello se dieron permisos especiales. Conf\u00edan que el mes de agosto cierre a\u00fan con buenas cifras y como sucedi\u00f3 [&hellip;]<\/p>\n","protected":false},"author":1,"featured_media":40884,"comment_status":"closed","ping_status":"closed","sticky":false,"template":"","format":"standard","meta":{"rop_custom_images_group":[],"rop_custom_messages_group":[],"rop_publish_now":"initial","rop_publish_now_accounts":[],"rop_publish_now_history":[],"rop_publish_now_status":"pending","footnotes":""},"categories":[61],"tags":[23],"class_list":["post-40883","post","type-post","status-publish","format-standard","has-post-thumbnail","hentry","category-economia","tag-destacado"],"_links":{"self":[{"href":"https:\/\/notiissa.mx\/index.php?rest_route=\/wp\/v2\/posts\/40883","targetHints":{"allow":["GET"]}}],"collection":[{"href":"https:\/\/notiissa.mx\/index.php?rest_route=\/wp\/v2\/posts"}],"about":[{"href":"https:\/\/notiissa.mx\/index.php?rest_route=\/wp\/v2\/types\/post"}],"author":[{"embeddable":true,"href":"https:\/\/notiissa.mx\/index.php?rest_route=\/wp\/v2\/users\/1"}],"replies":[{"embeddable":true,"href":"https:\/\/notiissa.mx\/index.php?rest_route=%2Fwp%2Fv2%2Fcomments&post=40883"}],"version-history":[{"count":1,"href":"https:\/\/notiissa.mx\/index.php?rest_route=\/wp\/v2\/posts\/40883\/revisions"}],"predecessor-version":[{"id":40885,"href":"https:\/\/notiissa.mx\/index.php?rest_route=\/wp\/v2\/posts\/40883\/revisions\/40885"}],"wp:featuredmedia":[{"embeddable":true,"href":"https:\/\/notiissa.mx\/index.php?rest_route=\/wp\/v2\/media\/40884"}],"wp:attachment":[{"href":"https:\/\/notiissa.mx\/index.php?rest_route=%2Fwp%2Fv2%2Fmedia&parent=40883"}],"wp:term":[{"taxonomy":"category","embeddable":true,"href":"https:\/\/notiissa.mx\/index.php?rest_route=%2Fwp%2Fv2%2Fcategories&post=40883"},{"taxonomy":"post_tag","embeddable":true,"href":"https:\/\/notiissa.mx\/index.php?rest_route=%2Fwp%2Fv2%2Ftags&post=40883"}],"curies":[{"name":"wp","href":"https:\/\/api.w.org\/{rel}","templated":true}]}}