{"id":4088,"date":"2015-07-28T14:02:33","date_gmt":"2015-07-28T14:02:33","guid":{"rendered":"http:\/\/notiissa.mx\/?p=4088"},"modified":"2015-07-28T14:02:33","modified_gmt":"2015-07-28T14:02:33","slug":"putin-europa-deberia-ser-mas-independiente-de-ee-uu","status":"publish","type":"post","link":"https:\/\/notiissa.mx\/?p=4088","title":{"rendered":"Putin: Europa deber\u00eda ser m\u00e1s independiente de EE.UU."},"content":{"rendered":"<div class=\"arcticle-summary\">\n<p style=\"text-align: justify;\">El presidente ruso, Vlad\u00edmir Putin, considera que Europa deber\u00eda ser m\u00e1s independiente de EE.UU., seg\u00fan afirm\u00f3 en una entrevista concedida el canal suizo RTS.<\/p>\n<\/div>\n<div class=\"arcticle-content\">\n<p style=\"text-align: justify;\">Putin aconsej\u00f3 a los l\u00edderes europeos que apliquen una pol\u00edtica m\u00e1s independiente. \u00abEspero que no. Pero nos gustar\u00eda ver que Europa demuestre una mayor independencia y soberan\u00eda, y que sea capaz de defender sus intereses nacionales y los intereses de sus pueblos y sus pa\u00edses\u00bb, dijo el l\u00edder ruso en respuesta a la pregunta sobre la posibilidad de una guerra en Europa, seg\u00fan cita el portal del\u00a0<a href=\"http:\/\/www.rts.ch\/info\/monde\/6967351-vladimir-poutine-l-europe-devrait-se-montrer-plus-independante-des-usa.html\" target=\"_blank\">canal suizo.<\/a><\/p>\n<p style=\"text-align: justify;\">\u00abSi para discutir los asuntos con nuestros socios europeos tenemos que dirigirnos a Washington, es un poco extra\u00f1o\u00bb, a\u00f1adi\u00f3 el presidente comentando la posici\u00f3n actual de Francia en conexi\u00f3n con la OTAN.<\/p>\n<p style=\"text-align: justify;\">Interpelado sobre el relanzamiento de la carrera armament\u00edstica, Putin asegura que se remonta a \u00abla salida unilateral de EE.UU. del tratado de antimisiles bal\u00edsticos\u00bb. \u00abEste tratado era la piedra angular de todo el sistema de la seguridad internacional\u00bb, subray\u00f3 el presidente.<\/p>\n<p style=\"text-align: justify;\">Al mismo tiempo, Putin ha insistido en que \u00abno hay que demonizar la pol\u00edtica estadounidense\u00bb. \u00abLlevan a cabo su pol\u00edtica tal como les parece necesario de acuerdo con sus intereses, pero hay que esforzarse para encontrar un equilibrio de los intereses\u00bb, ha subrayado el presidente.<\/p>\n<p style=\"text-align: justify;\">En relaci\u00f3n al esc\u00e1ndalo de la <a href=\"http:\/\/actualidad.rt.com\/actualidad\/176116-escandalos-fifa-futbol\" target=\"_blank\">FIFA<\/a>, <a href=\"http:\/\/actualidad.rt.com\/actualidad\/170507-vladimir-putin-presidente-rusia\" target=\"_blank\">Vlad\u00edmir Putin<\/a>\u00a0pone en duda los verdaderos motivos de la intervenci\u00f3n estadounidense. \u00abTengo entendido que EE.UU. era candidato para acoger la Copa Mundial de 2022. Su aliado m\u00e1s pr\u00f3ximo en Europa, el Reino Unido, era candidato para 2018. Y esta lucha contra la corrupci\u00f3n, tal c\u00f3mo se lleva a cabo, me lleva a preguntarme si no es una continuidad de la lucha por los campeonatos de 2018 y 2022\u00bb, ha se\u00f1alado Putin.<\/p>\n<p style=\"text-align: justify;\">\u00abSi se sospecha a alguien de un delito, se recoge la informaci\u00f3n necesaria y se la transmite a la fiscal\u00eda del Estado del que sea nacional. Pero en ning\u00fan caso un pa\u00eds, grande o peque\u00f1o, puede desplazarse por el mundo y atrapar a quien mejor le parezca y llevarlo a su prisi\u00f3n\u00bb, ha agregado el presidente.<\/p>\n<p style=\"text-align: justify;\">Comentando los movimientos nacionalistas o de derecha en Europa, Vlad\u00edmir Putin ha expresado que tienen \u00abuna verdadera toma de conciencia sobre sus intereses nacionales, tal como los ven\u00bb. \u00abEn el mundo y en los pa\u00edses europeos, se observan cambios tect\u00f3nicos en la opini\u00f3n p\u00fablica, en el sentido de una defensa reforzada de intereses nacionales\u00bb, ha a\u00f1adido el presidente.<\/p>\n<\/div>\n","protected":false},"excerpt":{"rendered":"<p>El presidente ruso, Vlad\u00edmir Putin, considera que Europa deber\u00eda ser m\u00e1s independiente de EE.UU., seg\u00fan afirm\u00f3 en una entrevista concedida el canal suizo RTS. Putin aconsej\u00f3 a los l\u00edderes europeos que apliquen una pol\u00edtica m\u00e1s independiente. \u00abEspero que no. Pero nos gustar\u00eda ver que Europa demuestre una mayor independencia y soberan\u00eda, y que sea capaz [&hellip;]<\/p>\n","protected":false},"author":1,"featured_media":4089,"comment_status":"open","ping_status":"open","sticky":false,"template":"","format":"standard","meta":{"rop_custom_images_group":[],"rop_custom_messages_group":[],"rop_publish_now":"initial","rop_publish_now_accounts":[],"rop_publish_now_history":[],"rop_publish_now_status":"pending","footnotes":""},"categories":[60],"tags":[],"class_list":["post-4088","post","type-post","status-publish","format-standard","has-post-thumbnail","hentry","category-sonnoticia"],"_links":{"self":[{"href":"https:\/\/notiissa.mx\/index.php?rest_route=\/wp\/v2\/posts\/4088","targetHints":{"allow":["GET"]}}],"collection":[{"href":"https:\/\/notiissa.mx\/index.php?rest_route=\/wp\/v2\/posts"}],"about":[{"href":"https:\/\/notiissa.mx\/index.php?rest_route=\/wp\/v2\/types\/post"}],"author":[{"embeddable":true,"href":"https:\/\/notiissa.mx\/index.php?rest_route=\/wp\/v2\/users\/1"}],"replies":[{"embeddable":true,"href":"https:\/\/notiissa.mx\/index.php?rest_route=%2Fwp%2Fv2%2Fcomments&post=4088"}],"version-history":[{"count":1,"href":"https:\/\/notiissa.mx\/index.php?rest_route=\/wp\/v2\/posts\/4088\/revisions"}],"predecessor-version":[{"id":4090,"href":"https:\/\/notiissa.mx\/index.php?rest_route=\/wp\/v2\/posts\/4088\/revisions\/4090"}],"wp:featuredmedia":[{"embeddable":true,"href":"https:\/\/notiissa.mx\/index.php?rest_route=\/wp\/v2\/media\/4089"}],"wp:attachment":[{"href":"https:\/\/notiissa.mx\/index.php?rest_route=%2Fwp%2Fv2%2Fmedia&parent=4088"}],"wp:term":[{"taxonomy":"category","embeddable":true,"href":"https:\/\/notiissa.mx\/index.php?rest_route=%2Fwp%2Fv2%2Fcategories&post=4088"},{"taxonomy":"post_tag","embeddable":true,"href":"https:\/\/notiissa.mx\/index.php?rest_route=%2Fwp%2Fv2%2Ftags&post=4088"}],"curies":[{"name":"wp","href":"https:\/\/api.w.org\/{rel}","templated":true}]}}