{"id":40877,"date":"2021-08-26T02:54:07","date_gmt":"2021-08-26T02:54:07","guid":{"rendered":"https:\/\/notiissa.mx\/?p=40877"},"modified":"2021-08-26T02:54:09","modified_gmt":"2021-08-26T02:54:09","slug":"es-una-estupidez-reaparece-el-video-de-las-criticas-de-vargas-llosa-al-lenguaje-inclusivo","status":"publish","type":"post","link":"https:\/\/notiissa.mx\/?p=40877","title":{"rendered":"\u00abEs una estupidez\u00bb: Reaparece el video de las cr\u00edticas de Vargas Llosa al lenguaje inclusivo"},"content":{"rendered":"\n<p>Y desata una fuerte pol\u00e9mica en M\u00e9xico.<\/p>\n\n\n\n<p>Un acto de discriminaci\u00f3n hacia una persona no binaria reaviv\u00f3 la controversia por el uso de \u00abtodes\u00bb.<\/p>\n\n\n\n<p>El Premio Nobel de Literatura Mario Varga Llosa protagoniz\u00f3 una intensa pol\u00e9mica en las redes sociales de M\u00e9xico, al reaparecer un video en el que califica el uso del lenguaje inclusivo como \u00abuna estupidez\u00bb que desnaturaliza la lengua, lo que le acarre\u00f3 una catarata de repudios y tambi\u00e9n de apoyos.<\/p>\n\n\n\n<p>Las opiniones del escritor peruano corresponden a una entrevista que\u00a0en 2019 le realiz\u00f3 el periodista Jorge Ramos en Miami, pero se viralizaron este mi\u00e9rcoles\u00a0en medio de otra pol\u00e9mica en torno al caso de Andra Escamilla, una persona no binaria que llor\u00f3 durante una clase en l\u00ednea cuando otro alumno <strong>le dijo \u00abcompa\u00f1era\u00bb y no \u00abcompa\u00f1ere\u00bb<\/strong>,lo\u00a0que\u00a0consider\u00f3 una falta de respeto para su identidad de g\u00e9nero.<\/p>\n\n\n\n<p>El reclamo de\u00a0Escamilla fue respondido en masa con el video<a rel=\"noreferrer noopener\" href=\"https:\/\/www.youtube.com\/watch?v=5UwdaXslF6I&amp;t=2s\" target=\"_blank\"> <\/a>de la nota con Vargas Llosa, ya que\u00a0quienes denuestan el lenguaje inclusivo usaron a ese autor como referencia en la materia.<\/p>\n\n\n\n<p>En la entrevista, Ramos le pregunta al escritor sobre el lenguaje igualitario y le explica que cuando se dice \u00abtodos\u00bb, las mujeres no son tomadas en cuenta, por lo que quiz\u00e1 ser\u00eda mejor adoptar el \u00abtodes\u00bb.<\/p>\n\n\n\n<p>La respuesta inmediata de Vargas Llosa fue una carcajada. \u00abEl lenguaje es algo que nace naturalmente y sobre eso se establecen ciertas reglas. Nosotros <strong>tenemos en el espa\u00f1ol, clar\u00edsimamente, un masculino inclusivo<\/strong>\u00ab, asegur\u00f3, a pesar de que&nbsp;la denuncia&nbsp;de muchos movimientos de mujeres y de la comunidad LGTBIQ es que esa estructura gramatical los excluye.<\/p>\n\n\n\n<p>Vargas Llosa descart\u00f3 que el gen\u00e9rico masculino de la lengua espa\u00f1ola sea machista y advirti\u00f3 sobre los riesgos que implica forzar cambios.<\/p>\n\n\n\n<p>\u00abEse es un camino muy peligroso, desnaturalizar tan profundamente el lenguaje en nombre de un feminismo mal entendido. Yo estoy de acuerdo con las feministas en las cosas fundamentales, sin ninguna duda: hay que combatir los prejuicios, hay que promover a las mujeres. <strong>Desnaturalizar el lenguaje porque se considera machista es una estupidez<\/strong> que de ninguna manera yo voy a aprobar\u00bb, se\u00f1al\u00f3.<\/p>\n\n\n\n<p>El escritor se convirti\u00f3 ahora en tendencia en las redes sociales, en donde recibi\u00f3 calificaciones como \u00abrid\u00edculo\u00bb, \u00abanticuado\u00bb, \u00abrancio\u00bb, \u00abignorante\u00bb y \u00abtotalitario\u00bb, aunque tambi\u00e9n lo respaldaron quienes est\u00e1n en contra de esos cambios en el lenguaje que, m\u00e1s all\u00e1 de las posiciones a favor y en contra, ya son un hecho en la mayor\u00eda de los pa\u00edses hispanohablantes.<\/p>\n\n\n\n<p>En ese sentido, organizaciones feministas y de derechos humanos defendieron a Escamilla, la persona no binaria que exigi\u00f3 ser identificada\u00a0como \u00abelle\u00bb y\u00a0que demostr\u00f3\u00a0<strong>la importancia de respetar la autopercepci\u00f3n de g\u00e9nero.<\/strong><\/p>\n\n\n\n<p>RT<\/p>\n","protected":false},"excerpt":{"rendered":"<p>Y desata una fuerte pol\u00e9mica en M\u00e9xico. Un acto de discriminaci\u00f3n hacia una persona no binaria reaviv\u00f3 la controversia por el uso de \u00abtodes\u00bb. El Premio Nobel de Literatura Mario Varga Llosa protagoniz\u00f3 una intensa pol\u00e9mica en las redes sociales de M\u00e9xico, al reaparecer un video en el que califica el uso del lenguaje inclusivo [&hellip;]<\/p>\n","protected":false},"author":1,"featured_media":40878,"comment_status":"closed","ping_status":"closed","sticky":false,"template":"","format":"standard","meta":{"rop_custom_images_group":[],"rop_custom_messages_group":[],"rop_publish_now":"initial","rop_publish_now_accounts":[],"rop_publish_now_history":[],"rop_publish_now_status":"pending","footnotes":""},"categories":[75,74],"tags":[23],"class_list":["post-40877","post","type-post","status-publish","format-standard","has-post-thumbnail","hentry","category-actualidad","category-literatura","tag-destacado"],"_links":{"self":[{"href":"https:\/\/notiissa.mx\/index.php?rest_route=\/wp\/v2\/posts\/40877","targetHints":{"allow":["GET"]}}],"collection":[{"href":"https:\/\/notiissa.mx\/index.php?rest_route=\/wp\/v2\/posts"}],"about":[{"href":"https:\/\/notiissa.mx\/index.php?rest_route=\/wp\/v2\/types\/post"}],"author":[{"embeddable":true,"href":"https:\/\/notiissa.mx\/index.php?rest_route=\/wp\/v2\/users\/1"}],"replies":[{"embeddable":true,"href":"https:\/\/notiissa.mx\/index.php?rest_route=%2Fwp%2Fv2%2Fcomments&post=40877"}],"version-history":[{"count":1,"href":"https:\/\/notiissa.mx\/index.php?rest_route=\/wp\/v2\/posts\/40877\/revisions"}],"predecessor-version":[{"id":40879,"href":"https:\/\/notiissa.mx\/index.php?rest_route=\/wp\/v2\/posts\/40877\/revisions\/40879"}],"wp:featuredmedia":[{"embeddable":true,"href":"https:\/\/notiissa.mx\/index.php?rest_route=\/wp\/v2\/media\/40878"}],"wp:attachment":[{"href":"https:\/\/notiissa.mx\/index.php?rest_route=%2Fwp%2Fv2%2Fmedia&parent=40877"}],"wp:term":[{"taxonomy":"category","embeddable":true,"href":"https:\/\/notiissa.mx\/index.php?rest_route=%2Fwp%2Fv2%2Fcategories&post=40877"},{"taxonomy":"post_tag","embeddable":true,"href":"https:\/\/notiissa.mx\/index.php?rest_route=%2Fwp%2Fv2%2Ftags&post=40877"}],"curies":[{"name":"wp","href":"https:\/\/api.w.org\/{rel}","templated":true}]}}