{"id":40778,"date":"2021-08-23T20:33:45","date_gmt":"2021-08-23T20:33:45","guid":{"rendered":"https:\/\/notiissa.mx\/?p=40778"},"modified":"2021-08-23T20:33:46","modified_gmt":"2021-08-23T20:33:46","slug":"da-a-conocer-perez-cuellar-primeros-nombramientos-de-su-gabinete","status":"publish","type":"post","link":"https:\/\/notiissa.mx\/?p=40778","title":{"rendered":"Da a conocer P\u00e9rez Cu\u00e9llar primeros nombramientos de su gabinete"},"content":{"rendered":"\n<p>* H\u00e9ctor Rafael Ortiz Orpinel, Secretario del Ayuntamiento.<\/p>\n\n\n\n<p>*Se trata de un equipo incluyente y con equidad de g\u00e9nero.<\/p>\n\n\n\n<p>\u201cEstamos listos para asumir el cargo y el honor de construir junto con todos los juarenses la transformaci\u00f3n de nuestra ciudad\u201d.<\/p>\n\n\n\n<p>Ciudad Ju\u00e1rez, Chihuahua. &#8211; Cruz P\u00e9rez Cu\u00e9llar, presidente municipal electo de Ju\u00e1rez, present\u00f3 a quienes ocupar\u00e1n las titularidades de secretar\u00edas y direcciones del gobierno que presidir\u00e1 a partir del 10 de septiembre y durante los pr\u00f3ximos tres a\u00f1os.<\/p>\n\n\n\n<p>Se trata de un equipo incluyente y con equidad de g\u00e9nero, integrado por 4 ciudadanas y 2 ciudadanos con diversas visiones sociales, libre de compromisos de cuotas pol\u00edticas; es un equipo que realmente cuenta con los conocimientos y experiencia necesarias para ocupar sus puestos.<\/p>\n\n\n\n<p>\u201cEstamos listos para asumir el cargo y el honor de construir junto con todos los juarenses la transformaci\u00f3n de nuestra ciudad\u201d, especific\u00f3 Cruz P\u00e9rez Cu\u00e9llar, al presentar a quienes conformar\u00e1n su equipo en el ayuntamiento de Ju\u00e1rez, mismo que considera diferente y sin precedente, destacado por sobre todas las cosas por su profesionalismo, honestidad, y entrega.<\/p>\n\n\n\n<p>El alcalde electo, dej\u00f3 claro que se inicia una nueva era, en donde el trabajo ser\u00e1 uno de los sellos de distinci\u00f3n para generar una ciudad digna, con desarrollo e igualdad, en la que se pueda tener confianza y los ojos puestos en el futuro, con servicios de calidad y propiciando un gobierno austero que realmente sirva a sus ciudadanos.<\/p>\n\n\n\n<p>\u201cVamos a mostrar un estilo diferente de hacer las cosas; haciendo trabajo permanente y cercano, todos juntos y sin distinciones. Aqu\u00ed no hay imposibles, vamos a trabajar sin descanso para emplear todos los recursos que tenemos para lograr los objetivos que nos planteamos.\u201d.<\/p>\n\n\n\n<p>*Secretario del Ayuntamiento * H\u00e9ctor Rafael Ortiz Orpinel.<br>MAESTRO EN DERECHO POL\u00cdTICO Y ADMINISTRACI\u00d3N P\u00daBLICA<br>Tesorera Municipal<br>Dayira Raquel Fern\u00e1ndez Mart\u00ednez<br>CONTADORA P\u00daBLICA<br>*Secretaria Particular *<br>Martha Beatriz Quezada Vara<br>Licenciada en Inform\u00e1tica<br>Oficial Mayor del Ayuntamiento<br>H\u00e9ctor Arcel\u00fas P\u00e9rez<br>Maestro en Derecho Fiscal<br>Directora de Educaci\u00f3n<br>Martha Aracely Gonz\u00e1lez Holgu\u00edn Maestra en desarrollo educativo y en educaci\u00f3n para la paz<br>*Coordinadora de Asesores *<br>Daniela Gonz\u00e1lez Lara<br>Maestra en Derecho P\u00fablico y Procesos de Integraci\u00f3n Multinivel<\/p>\n","protected":false},"excerpt":{"rendered":"<p>* H\u00e9ctor Rafael Ortiz Orpinel, Secretario del Ayuntamiento. *Se trata de un equipo incluyente y con equidad de g\u00e9nero. \u201cEstamos listos para asumir el cargo y el honor de construir junto con todos los juarenses la transformaci\u00f3n de nuestra ciudad\u201d. Ciudad Ju\u00e1rez, Chihuahua. &#8211; Cruz P\u00e9rez Cu\u00e9llar, presidente municipal electo de Ju\u00e1rez, present\u00f3 a quienes [&hellip;]<\/p>\n","protected":false},"author":1,"featured_media":40779,"comment_status":"closed","ping_status":"closed","sticky":false,"template":"","format":"standard","meta":{"rop_custom_images_group":[],"rop_custom_messages_group":[],"rop_publish_now":"initial","rop_publish_now_accounts":[],"rop_publish_now_history":[],"rop_publish_now_status":"pending","footnotes":""},"categories":[67,72],"tags":[23],"class_list":["post-40778","post","type-post","status-publish","format-standard","has-post-thumbnail","hentry","category-ciudad","category-estado","tag-destacado"],"_links":{"self":[{"href":"https:\/\/notiissa.mx\/index.php?rest_route=\/wp\/v2\/posts\/40778","targetHints":{"allow":["GET"]}}],"collection":[{"href":"https:\/\/notiissa.mx\/index.php?rest_route=\/wp\/v2\/posts"}],"about":[{"href":"https:\/\/notiissa.mx\/index.php?rest_route=\/wp\/v2\/types\/post"}],"author":[{"embeddable":true,"href":"https:\/\/notiissa.mx\/index.php?rest_route=\/wp\/v2\/users\/1"}],"replies":[{"embeddable":true,"href":"https:\/\/notiissa.mx\/index.php?rest_route=%2Fwp%2Fv2%2Fcomments&post=40778"}],"version-history":[{"count":1,"href":"https:\/\/notiissa.mx\/index.php?rest_route=\/wp\/v2\/posts\/40778\/revisions"}],"predecessor-version":[{"id":40780,"href":"https:\/\/notiissa.mx\/index.php?rest_route=\/wp\/v2\/posts\/40778\/revisions\/40780"}],"wp:featuredmedia":[{"embeddable":true,"href":"https:\/\/notiissa.mx\/index.php?rest_route=\/wp\/v2\/media\/40779"}],"wp:attachment":[{"href":"https:\/\/notiissa.mx\/index.php?rest_route=%2Fwp%2Fv2%2Fmedia&parent=40778"}],"wp:term":[{"taxonomy":"category","embeddable":true,"href":"https:\/\/notiissa.mx\/index.php?rest_route=%2Fwp%2Fv2%2Fcategories&post=40778"},{"taxonomy":"post_tag","embeddable":true,"href":"https:\/\/notiissa.mx\/index.php?rest_route=%2Fwp%2Fv2%2Ftags&post=40778"}],"curies":[{"name":"wp","href":"https:\/\/api.w.org\/{rel}","templated":true}]}}