{"id":40655,"date":"2021-08-20T00:04:48","date_gmt":"2021-08-20T00:04:48","guid":{"rendered":"https:\/\/notiissa.mx\/?p=40655"},"modified":"2021-08-20T00:04:49","modified_gmt":"2021-08-20T00:04:49","slug":"afirma-biden-que-ve-una-mayor-amenaza-terrorista-de-siria-que-de-las-montanas-de-afganistan","status":"publish","type":"post","link":"https:\/\/notiissa.mx\/?p=40655","title":{"rendered":"Afirma Biden que ve una \u00abmayor amenaza terrorista de Siria que de las monta\u00f1as de Afganist\u00e1n\u00bb"},"content":{"rendered":"\n<p>Seg\u00fan el presidente estadounidense, el problema de los derechos de las mujeres en Afganist\u00e1n y otros pa\u00edses no se puede solucionar mediante el uso de la fuerza militar.<\/p>\n\n\n\n<p>No habr\u00eda habido un mejor tiempo ni mejor manera de sacar a las tropas de Afganist\u00e1n, estima el presidente estadounidense Joe Biden, quien admiti\u00f3 que \u00abse deb\u00edan haber retirado hace mucho\u00bb.<\/p>\n\n\n\n<p>\u00abNo hay un buen tiempo para abandonar Afganist\u00e1n. Tambi\u00e9n habr\u00eda sido un problema quince a\u00f1os atr\u00e1s o dentro de quince a\u00f1os. Lo importante es si voy a <strong>seguir enviando a sus hijos<\/strong> e hijas a la guerra en Afganist\u00e1n de manera perpetua\u00bb, dijo el mi\u00e9rcoles en una entrevista\u00a0con el periodista\u00a0de ABC George Stephanopoulos.<\/p>\n\n\n\n<p>El mandatario no cree que los talibanes hayan cambiado desde que fueron derrocados tras la invasi\u00f3n internacional de 2001, pero considera que actualmente atraviesan una <strong>\u00abcrisis existencial\u00bb<\/strong>\u00a0en torno a si quieren que la comunidad internacional los reconozca como un gobierno leg\u00edtimo.<\/p>\n\n\n\n<p>El entrevistador le pregunt\u00f3 sobre la amenaza que representa el <strong>terrorismo internacional<\/strong>\u00a0para EE.UU., citando un an\u00e1lisis de inteligencia que apunta que Al Qaeda recobrar\u00eda su influencia entre 18 y 24 meses despu\u00e9s de la retirada de las tropas de Afganist\u00e1n.<\/p>\n\n\n\n<p>\u00abHay una amenaza a EE.UU. significativamente mayor procedente de Siria (&#8230;) del este de \u00c1frica (&#8230;) y de otros lugares del mundo que desde las monta\u00f1as de Afganist\u00e1n. Y hemos mantenido la capacidad de neutralizar las amenazas m\u00e1s all\u00e1 del horizonte\u00bb, asegur\u00f3.<\/p>\n\n\n\n<p>Preguntado sobre la suerte que enfrentar\u00e1n ahora las<strong> mujeres afganas<\/strong>&nbsp;bajo el yugo de los talibanes, Biden afirm\u00f3 que pidi\u00f3 a sus militares&nbsp;<strong>evacuar en aviones&nbsp;<\/strong>al mayor n\u00famero posible de mujeres que esperan poder entrar al aeropuerto de Kabul junto con sus familias.&nbsp;<\/p>\n\n\n\n<p>\u00abPero la idea de\u00a0que podemos ocuparnos de\u00a0los derechos de las mujeres a lo largo del mundo mediante la fuerza militar <strong>no es racional<\/strong> [\u2026] Hay muchos lugares en el mundo donde las mujeres son subyugadas\u00bb, lament\u00f3.<\/p>\n\n\n\n<p>Seg\u00fan Biden, la <strong>mejor manera<\/strong> de combatir ese tipo de&nbsp;injusticias es ejercer presi\u00f3n econ\u00f3mica, diplom\u00e1tica e internacional sobre los gobiernos responsables para que cambien la situaci\u00f3n.<\/p>\n\n\n\n<p>El presidente norteamericano subray\u00f3 que m\u00e1s all\u00e1 de asegurar los intereses de EE.UU. y de haber eliminado al terrorista n\u00famero uno, Osama bin Laden, no ve\u00eda sentido en seguir dejando que miles de estadounidenses murieran o resultaran heridos en Afganist\u00e1n intentando construir una naci\u00f3n \u00aben un pa\u00eds que<strong> nunca en la historia ha estado unido<\/strong>, desde Alejandro el Grande hasta el Imperio brit\u00e1nico y los rusos\u00bb.<\/p>\n\n\n\n<p>RT<\/p>\n","protected":false},"excerpt":{"rendered":"<p>Seg\u00fan el presidente estadounidense, el problema de los derechos de las mujeres en Afganist\u00e1n y otros pa\u00edses no se puede solucionar mediante el uso de la fuerza militar. No habr\u00eda habido un mejor tiempo ni mejor manera de sacar a las tropas de Afganist\u00e1n, estima el presidente estadounidense Joe Biden, quien admiti\u00f3 que \u00abse deb\u00edan [&hellip;]<\/p>\n","protected":false},"author":1,"featured_media":40656,"comment_status":"closed","ping_status":"closed","sticky":false,"template":"","format":"standard","meta":{"rop_custom_images_group":[],"rop_custom_messages_group":[],"rop_publish_now":"initial","rop_publish_now_accounts":[],"rop_publish_now_history":[],"rop_publish_now_status":"pending","footnotes":""},"categories":[60],"tags":[],"class_list":["post-40655","post","type-post","status-publish","format-standard","has-post-thumbnail","hentry","category-sonnoticia"],"_links":{"self":[{"href":"https:\/\/notiissa.mx\/index.php?rest_route=\/wp\/v2\/posts\/40655","targetHints":{"allow":["GET"]}}],"collection":[{"href":"https:\/\/notiissa.mx\/index.php?rest_route=\/wp\/v2\/posts"}],"about":[{"href":"https:\/\/notiissa.mx\/index.php?rest_route=\/wp\/v2\/types\/post"}],"author":[{"embeddable":true,"href":"https:\/\/notiissa.mx\/index.php?rest_route=\/wp\/v2\/users\/1"}],"replies":[{"embeddable":true,"href":"https:\/\/notiissa.mx\/index.php?rest_route=%2Fwp%2Fv2%2Fcomments&post=40655"}],"version-history":[{"count":1,"href":"https:\/\/notiissa.mx\/index.php?rest_route=\/wp\/v2\/posts\/40655\/revisions"}],"predecessor-version":[{"id":40657,"href":"https:\/\/notiissa.mx\/index.php?rest_route=\/wp\/v2\/posts\/40655\/revisions\/40657"}],"wp:featuredmedia":[{"embeddable":true,"href":"https:\/\/notiissa.mx\/index.php?rest_route=\/wp\/v2\/media\/40656"}],"wp:attachment":[{"href":"https:\/\/notiissa.mx\/index.php?rest_route=%2Fwp%2Fv2%2Fmedia&parent=40655"}],"wp:term":[{"taxonomy":"category","embeddable":true,"href":"https:\/\/notiissa.mx\/index.php?rest_route=%2Fwp%2Fv2%2Fcategories&post=40655"},{"taxonomy":"post_tag","embeddable":true,"href":"https:\/\/notiissa.mx\/index.php?rest_route=%2Fwp%2Fv2%2Ftags&post=40655"}],"curies":[{"name":"wp","href":"https:\/\/api.w.org\/{rel}","templated":true}]}}