{"id":40587,"date":"2021-08-18T02:19:18","date_gmt":"2021-08-18T02:19:18","guid":{"rendered":"https:\/\/notiissa.mx\/?p=40587"},"modified":"2021-08-18T02:19:19","modified_gmt":"2021-08-18T02:19:19","slug":"recibe-juan-quezada-el-premio-gawi-tonara-pilares-del-mundo","status":"publish","type":"post","link":"https:\/\/notiissa.mx\/?p=40587","title":{"rendered":"Recibe Juan Quezada el premio Gaw\u00ed T\u00f3nara, Pilares del Mundo"},"content":{"rendered":"\n<p>Ciudad de Chihuahua.- En el marco del Festival Internacional Chihuahua, se le otorga esta distinci\u00f3n por sus m\u00e1s de 60 a\u00f1os de trayectoria y su influencia con impacto internacional.<\/p>\n\n\n\n<p>Por ser el precursor del rescate de la milenaria cer\u00e1mica de Paquim\u00e9, el Gobierno del Estado de Chihuahua, a trav\u00e9s de la Secretar\u00eda de Cultura, entreg\u00f3 el Premio Gaw\u00ed T\u00f3nara, Pilares del Mundo, a Juan Quezada Celado, con el que tambi\u00e9n se le reconocen sus m\u00e1s de 60 a\u00f1os de trayectoria.<\/p>\n\n\n\n<p>Esta entrega tradicionalmente se realiza en una ceremonia en el Palacio de Gobierno, sin embargo, el homenajeado no pudo desplazarse hasta esta capital por motivos de salud del galardonado, por lo que la titular de la Secretar\u00eda de Cultura, acudi\u00f3 al poblado de Mata Ortiz, municipio de Casas Grandes, para entregarle la estatuilla.<\/p>\n\n\n\n<p>La entrega se document\u00f3 en video, mismo que se encuentra disponible en las redes sociodigitales de la dependencia estatal, a efecto de hacer extensivo el momento y el emotivo mensaje de agradecimiento emitido por Juan Quezada.<\/p>\n\n\n\n<p>Se trata de la d\u00e9cimo s\u00e9ptima entrega de este premio, que se otorga en el marco del Festival Internacional Chihuahua a los personajes que han engrandecido el nombre del Estado y que han trascendido por su talento, destac\u00e1ndose a nivel mundial.<\/p>\n\n\n\n<p>As\u00ed, este a\u00f1o se distingue a Juan Quezada Celado por revivir el delicado y minucioso arte de la cer\u00e1mica que se practicaba hace miles de a\u00f1os, trayendo a la actualidad esta obra de alfarer\u00eda ancestral.<\/p>\n\n\n\n<p>Seg\u00fan narra el mismo Juan Quezada, su alma curiosa lo llev\u00f3 a temprana edad a explorar los alrededores del poblado de Mata Ortiz, llegando a descubrir antiguos restos de ollas.<\/p>\n\n\n\n<p>Al examinarlas con cuidado, se dio a la tarea de reproducirlas sin tener conocimientos previos sobre alfarer\u00eda. Todo a base de observaci\u00f3n, experimentaci\u00f3n y b\u00fasqueda de la materia prima, como lo es el barro, los pigmentos y los pinceles para realizar los trazos que caracterizan estas ollas.<\/p>\n\n\n\n<p>Recuerda el alfarero que despu\u00e9s de muchas pruebas y errores, logr\u00f3 perfeccionar la t\u00e9cnica para crear lo que ahora se conoce como la \u201cNueva Cer\u00e1mica de Paquim\u00e9\u201d.<\/p>\n\n\n\n<p>Estas piezas tuvieron su incursi\u00f3n en el mercado gracias a la mancuerna del ceramista y el antrop\u00f3logo americano Spencer MacCallum, a partir de la cual se dio a conocer pr\u00e1cticamente a nivel mundial, y la demanda de ollas se dispar\u00f3.<\/p>\n\n\n\n<p>Cabe se\u00f1alar que el ceramista ha compartido su talento y conocimiento con sus hijos y nietos, y a la vez la ha hecho extensiva con los habitantes de Mata Ortiz, a tal grado que la fabricaci\u00f3n y venta de ollas es la principal actividad productiva del poblado.<\/p>\n\n\n\n<p>Juan Quezada ha sido galardonado internacionalmente y ha recibido muchos premios, entre ellos el Premio Nacional de Ciencias y Artes, recibido de manos del presidente de la Rep\u00fablica, Ernesto Zedillo Ponce de Le\u00f3n, en 1999.<\/p>\n\n\n\n<p>A partir del conocimiento heredado por Juan Quezada, los alfareros de Mata Ortiz han perfeccionado la t\u00e9cnica por a\u00f1os de pr\u00e1ctica. Al recopilar el barro que s\u00f3lo puede encontrarse en especificas partes del monte, colar el barro que requiere de conocimientos en los tipos de barro para mezclarlos en su punto apropiado; medir el tiempo correcto para el secado que depende hasta del m\u00e1s m\u00ednimo cambio del clima y en el moldeado, para aplicar la fuerza correcta y dar forma a una obra de arte.<\/p>\n\n\n\n<p>Mata Ortiz ha tomado un lugar importante en el marco de cultural del estado y del pa\u00eds, gracias a los esfuerzos de Juan Quezada, a quien el Gobierno del Estado de Chihuahua, a trav\u00e9s del Festival Internacional Chihuahua, reconoce hoy con la entrega de la estatuilla y el premio Gaw\u00ed T\u00f3nara, Pilares del Mundo.<\/p>\n\n\n\n<p>Los personajes que han sido homenajeados con la entrega de este premio, durante la presente administraci\u00f3n estatal, son: en 2017 se otorgaron dos premios, uno a Tino Contreras, baterista de fama mundial y otro a la cantante y actriz Carmen Cardenal; en 2018 a Alfredo L\u00f3pez Austin, reconocido historiador; en 2019 se le otorg\u00f3 a V\u00edctor Orozco, historiador y acad\u00e9mico y el a\u00f1o pasado, en 2020, se entregaron tres preseas: a Modesto Gayt\u00e1n, director de orquesta y formador de generaciones de m\u00fasicos; al escritor Enrique Cort\u00e1zar y a la gran escultora de Chihuahua para el mundo, \u00c1gueda Lozano.<\/p>\n","protected":false},"excerpt":{"rendered":"<p>Ciudad de Chihuahua.- En el marco del Festival Internacional Chihuahua, se le otorga esta distinci\u00f3n por sus m\u00e1s de 60 a\u00f1os de trayectoria y su influencia con impacto internacional. Por ser el precursor del rescate de la milenaria cer\u00e1mica de Paquim\u00e9, el Gobierno del Estado de Chihuahua, a trav\u00e9s de la Secretar\u00eda de Cultura, entreg\u00f3 [&hellip;]<\/p>\n","protected":false},"author":1,"featured_media":40588,"comment_status":"closed","ping_status":"closed","sticky":false,"template":"","format":"standard","meta":{"rop_custom_images_group":[],"rop_custom_messages_group":[],"rop_publish_now":"initial","rop_publish_now_accounts":[],"rop_publish_now_history":[],"rop_publish_now_status":"pending","footnotes":""},"categories":[73,62],"tags":[23],"class_list":["post-40587","post","type-post","status-publish","format-standard","has-post-thumbnail","hentry","category-arte","category-cultura","tag-destacado"],"_links":{"self":[{"href":"https:\/\/notiissa.mx\/index.php?rest_route=\/wp\/v2\/posts\/40587","targetHints":{"allow":["GET"]}}],"collection":[{"href":"https:\/\/notiissa.mx\/index.php?rest_route=\/wp\/v2\/posts"}],"about":[{"href":"https:\/\/notiissa.mx\/index.php?rest_route=\/wp\/v2\/types\/post"}],"author":[{"embeddable":true,"href":"https:\/\/notiissa.mx\/index.php?rest_route=\/wp\/v2\/users\/1"}],"replies":[{"embeddable":true,"href":"https:\/\/notiissa.mx\/index.php?rest_route=%2Fwp%2Fv2%2Fcomments&post=40587"}],"version-history":[{"count":1,"href":"https:\/\/notiissa.mx\/index.php?rest_route=\/wp\/v2\/posts\/40587\/revisions"}],"predecessor-version":[{"id":40589,"href":"https:\/\/notiissa.mx\/index.php?rest_route=\/wp\/v2\/posts\/40587\/revisions\/40589"}],"wp:featuredmedia":[{"embeddable":true,"href":"https:\/\/notiissa.mx\/index.php?rest_route=\/wp\/v2\/media\/40588"}],"wp:attachment":[{"href":"https:\/\/notiissa.mx\/index.php?rest_route=%2Fwp%2Fv2%2Fmedia&parent=40587"}],"wp:term":[{"taxonomy":"category","embeddable":true,"href":"https:\/\/notiissa.mx\/index.php?rest_route=%2Fwp%2Fv2%2Fcategories&post=40587"},{"taxonomy":"post_tag","embeddable":true,"href":"https:\/\/notiissa.mx\/index.php?rest_route=%2Fwp%2Fv2%2Ftags&post=40587"}],"curies":[{"name":"wp","href":"https:\/\/api.w.org\/{rel}","templated":true}]}}