{"id":40584,"date":"2021-08-17T23:45:45","date_gmt":"2021-08-17T23:45:45","guid":{"rendered":"https:\/\/notiissa.mx\/?p=40584"},"modified":"2021-08-17T23:45:46","modified_gmt":"2021-08-17T23:45:46","slug":"concluyen-trabajos-de-adecuacion-vial-en-la-francisco-villa-y-huancune","status":"publish","type":"post","link":"https:\/\/notiissa.mx\/?p=40584","title":{"rendered":"Concluyen trabajos de adecuaci\u00f3n vial en la Francisco Villa y Huancune"},"content":{"rendered":"\n<p>Ciudad de Chihuahua.- La Direcci\u00f3n de Obras P\u00fablicas Municipales finaliz\u00f3 con las labores de la construcci\u00f3n de una vuelta a la izquierda sobre la avenida Francisco Villa, sentido norte a sur, en la intersecci\u00f3n con las avenidas Huancune y V\u00eda Sicilia, para brindar soluci\u00f3n vial a la zona, beneficiando alrededor de 100 mil habitantes.<\/p>\n\n\n\n<p>Como parte de los trabajos se realiz\u00f3 la ampliaci\u00f3n de un carril en un tramo de 92 metros de extensi\u00f3n, a base de concreto hidr\u00e1ulico, que ser\u00e1 exclusivo para girar hacia la izquierda con rumbo a la avenida Huancune, adem\u00e1s se llev\u00f3 a cabo la construcci\u00f3n de un muro de mamposter\u00eda, la colocaci\u00f3n de se\u00f1alamiento horizontal y se realizaron rampas de acceso para personas con discapacidad f\u00edsica.<\/p>\n\n\n\n<p>Con una inversi\u00f3n de un mill\u00f3n 699 mil 218 pesos, la avenida Francisco Villa cuenta con un nuevo carril para transitar de forma segura generando as\u00ed un espacio dedicado para la vuelta izquierda a las zonas habitacionales Arboledas en sus diferentes etapas, Colinas del Sol, San Pablo, Los Frailes y San Andr\u00e9s.<\/p>\n\n\n\n<p>El Gobierno Municipal contin\u00faa trabajando para mejorar y modernizar las vialidades existentes de la ciudad, con obras eficientes que permitan pasar m\u00e1s tiempo en casa y menos en el tr\u00e1fico.<\/p>\n","protected":false},"excerpt":{"rendered":"<p>Ciudad de Chihuahua.- La Direcci\u00f3n de Obras P\u00fablicas Municipales finaliz\u00f3 con las labores de la construcci\u00f3n de una vuelta a la izquierda sobre la avenida Francisco Villa, sentido norte a sur, en la intersecci\u00f3n con las avenidas Huancune y V\u00eda Sicilia, para brindar soluci\u00f3n vial a la zona, beneficiando alrededor de 100 mil habitantes. Como [&hellip;]<\/p>\n","protected":false},"author":1,"featured_media":40585,"comment_status":"closed","ping_status":"closed","sticky":false,"template":"","format":"standard","meta":{"rop_custom_images_group":[],"rop_custom_messages_group":[],"rop_publish_now":"initial","rop_publish_now_accounts":[],"rop_publish_now_history":[],"rop_publish_now_status":"pending","footnotes":""},"categories":[67],"tags":[23],"class_list":["post-40584","post","type-post","status-publish","format-standard","has-post-thumbnail","hentry","category-ciudad","tag-destacado"],"_links":{"self":[{"href":"https:\/\/notiissa.mx\/index.php?rest_route=\/wp\/v2\/posts\/40584","targetHints":{"allow":["GET"]}}],"collection":[{"href":"https:\/\/notiissa.mx\/index.php?rest_route=\/wp\/v2\/posts"}],"about":[{"href":"https:\/\/notiissa.mx\/index.php?rest_route=\/wp\/v2\/types\/post"}],"author":[{"embeddable":true,"href":"https:\/\/notiissa.mx\/index.php?rest_route=\/wp\/v2\/users\/1"}],"replies":[{"embeddable":true,"href":"https:\/\/notiissa.mx\/index.php?rest_route=%2Fwp%2Fv2%2Fcomments&post=40584"}],"version-history":[{"count":1,"href":"https:\/\/notiissa.mx\/index.php?rest_route=\/wp\/v2\/posts\/40584\/revisions"}],"predecessor-version":[{"id":40586,"href":"https:\/\/notiissa.mx\/index.php?rest_route=\/wp\/v2\/posts\/40584\/revisions\/40586"}],"wp:featuredmedia":[{"embeddable":true,"href":"https:\/\/notiissa.mx\/index.php?rest_route=\/wp\/v2\/media\/40585"}],"wp:attachment":[{"href":"https:\/\/notiissa.mx\/index.php?rest_route=%2Fwp%2Fv2%2Fmedia&parent=40584"}],"wp:term":[{"taxonomy":"category","embeddable":true,"href":"https:\/\/notiissa.mx\/index.php?rest_route=%2Fwp%2Fv2%2Fcategories&post=40584"},{"taxonomy":"post_tag","embeddable":true,"href":"https:\/\/notiissa.mx\/index.php?rest_route=%2Fwp%2Fv2%2Ftags&post=40584"}],"curies":[{"name":"wp","href":"https:\/\/api.w.org\/{rel}","templated":true}]}}