{"id":40566,"date":"2021-08-17T20:29:59","date_gmt":"2021-08-17T20:29:59","guid":{"rendered":"https:\/\/notiissa.mx\/?p=40566"},"modified":"2021-08-17T20:30:01","modified_gmt":"2021-08-17T20:30:01","slug":"invita-coprev-a-semana-de-la-prevencion-de-la-violencia-y-delincuencia","status":"publish","type":"post","link":"https:\/\/notiissa.mx\/?p=40566","title":{"rendered":"Invita COPREV a Semana de la Prevenci\u00f3n de la Violencia y Delincuencia"},"content":{"rendered":"\n<p><em>-Del 23 al 27 de agosto.<\/em><\/p>\n\n\n\n<p>Ciudad de Chihuahua.- El Consejo de Prevenci\u00f3n Social de la Violencia y la Delincuencia del Municipio de Chihuahua, \u00f3rgano que trabaja con el financiamiento de FICOSEC, invita a la ciudadan\u00eda en general a la primera \u201cSemana COPREV: Conozco, Dialogo y Act\u00fao por un Municipio Seguro\u201d, la cual se llevar\u00e1 a cabo del 23 al 27 de agosto.<\/p>\n\n\n\n<p>A trav\u00e9s de una rueda de prensa, la cual estuvo encabezada por el Gilberto Loya, director de Seguridad P\u00fablica Municipal y presidente del Consejo; Arturo Luj\u00e1n Olivas, presidente Estatal de FICOSEC; Cecilia Olivares, directora de la Red de Cohesi\u00f3n y Participaci\u00f3n Social 1, 2, 3 por m\u00ed y por mi Comunidad A.C., y Jes\u00fas B. Vaca Cort\u00e9s, Investigador del Claustro Universitario de Chihuahua, se dio a conocer los detalles de la actividad.<\/p>\n\n\n\n<p>Durante la atenci\u00f3n con medios de comunicaci\u00f3n, se inform\u00f3 que la Semana COPREV se realizar\u00e1 tanto bajo la modalidad virtual como presencial, y se efectuar\u00e1n una serie de conferencias, mesas paneles, foros, capacitaciones y actividades diversas, las cuales podr\u00e1n ser vistas por la poblaci\u00f3n, sin costo alguno.<\/p>\n\n\n\n<p>Se precis\u00f3 que el objetivo del evento, ser\u00e1 compartir, promover y dar a conocer el trabajo que realiza COPREV y sus respectivas comisiones, as\u00ed como impulsar los casos de \u00e9xito y reflexi\u00f3n sobre las acciones que se realizan en materia de prevenci\u00f3n de la violencia y delincuencia.<\/p>\n\n\n\n<p>Sobre la agenda de actividades, se dio a conocer que el lunes 23 de agosto se llevar\u00e1 a cabo la inauguraci\u00f3n, adem\u00e1s de que se tendr\u00e1 el foro virtual \u201cRetos y oportunidades en la construcci\u00f3n de la seguridad ciudadana\u201d, as\u00ed como un evento comunitario, denominado \u201cDale Huerta por las juventudes\u201d.<\/p>\n\n\n\n<p>Un d\u00eda despu\u00e9s, se efectuar\u00e1 la conferencia \u201c\u00bfQu\u00e9 es su Justicia C\u00edvica?, y sus beneficios\u201d, adem\u00e1s de la mesa panel \u201cJusticia C\u00edvica y pueblos originarios\u201d, para finalizar con el foro \u201cExperiencias de implementaci\u00f3n del Modelo de Justicia C\u00edvica en el Municipio de Chihuahua\u201d.<\/p>\n\n\n\n<p>El mi\u00e9rcoles 25 de agosto se tendr\u00e1 la mesa panel virtual \u201cCOPREV, una buena pr\u00e1ctica la prevenci\u00f3n\u201d, as\u00ed como el foro \u201cViolencias cotidianas: Modelos para su prevenci\u00f3n\u201d; al siguiente d\u00eda se efectuar\u00e1 la capacitaci\u00f3n \u201cServir con bienestar, estrategias para disminuir el estr\u00e9s laboral\u201d.<\/p>\n\n\n\n<p>Para finalizar la jornada, el 27 del mismo mes, se estar\u00e1 realizando la exposici\u00f3n presencial \u201cUrbanismo social para prevenir la violencia, experiencia en el Municipio de Chihuahua\u201d, en punto de las 10:00 a.m. en el Centro Comunitario San Mart\u00edn en la colonia Riberas del Sacramento.<\/p>\n\n\n\n<p>El programa completo, as\u00ed como las ligas de registro, ponentes y objetivos de cada una de la actividades se encuentran en la p\u00e1gina web <a href=\"http:\/\/www.coprev.com.mx\">www.coprev.com.mx<\/a> y adem\u00e1s en la p\u00e1gina oficial de Facebook: Consejo de Prevenci\u00f3n Social de la Violencia y la delincuencia \u2013 COPREV.<\/p>\n","protected":false},"excerpt":{"rendered":"<p>-Del 23 al 27 de agosto. Ciudad de Chihuahua.- El Consejo de Prevenci\u00f3n Social de la Violencia y la Delincuencia del Municipio de Chihuahua, \u00f3rgano que trabaja con el financiamiento de FICOSEC, invita a la ciudadan\u00eda en general a la primera \u201cSemana COPREV: Conozco, Dialogo y Act\u00fao por un Municipio Seguro\u201d, la cual se llevar\u00e1 [&hellip;]<\/p>\n","protected":false},"author":1,"featured_media":40567,"comment_status":"closed","ping_status":"closed","sticky":false,"template":"","format":"standard","meta":{"rop_custom_images_group":[],"rop_custom_messages_group":[],"rop_publish_now":"initial","rop_publish_now_accounts":[],"rop_publish_now_history":[],"rop_publish_now_status":"pending","footnotes":""},"categories":[67],"tags":[23],"class_list":["post-40566","post","type-post","status-publish","format-standard","has-post-thumbnail","hentry","category-ciudad","tag-destacado"],"_links":{"self":[{"href":"https:\/\/notiissa.mx\/index.php?rest_route=\/wp\/v2\/posts\/40566","targetHints":{"allow":["GET"]}}],"collection":[{"href":"https:\/\/notiissa.mx\/index.php?rest_route=\/wp\/v2\/posts"}],"about":[{"href":"https:\/\/notiissa.mx\/index.php?rest_route=\/wp\/v2\/types\/post"}],"author":[{"embeddable":true,"href":"https:\/\/notiissa.mx\/index.php?rest_route=\/wp\/v2\/users\/1"}],"replies":[{"embeddable":true,"href":"https:\/\/notiissa.mx\/index.php?rest_route=%2Fwp%2Fv2%2Fcomments&post=40566"}],"version-history":[{"count":1,"href":"https:\/\/notiissa.mx\/index.php?rest_route=\/wp\/v2\/posts\/40566\/revisions"}],"predecessor-version":[{"id":40568,"href":"https:\/\/notiissa.mx\/index.php?rest_route=\/wp\/v2\/posts\/40566\/revisions\/40568"}],"wp:featuredmedia":[{"embeddable":true,"href":"https:\/\/notiissa.mx\/index.php?rest_route=\/wp\/v2\/media\/40567"}],"wp:attachment":[{"href":"https:\/\/notiissa.mx\/index.php?rest_route=%2Fwp%2Fv2%2Fmedia&parent=40566"}],"wp:term":[{"taxonomy":"category","embeddable":true,"href":"https:\/\/notiissa.mx\/index.php?rest_route=%2Fwp%2Fv2%2Fcategories&post=40566"},{"taxonomy":"post_tag","embeddable":true,"href":"https:\/\/notiissa.mx\/index.php?rest_route=%2Fwp%2Fv2%2Ftags&post=40566"}],"curies":[{"name":"wp","href":"https:\/\/api.w.org\/{rel}","templated":true}]}}