{"id":40503,"date":"2021-08-15T21:37:21","date_gmt":"2021-08-15T21:37:21","guid":{"rendered":"https:\/\/notiissa.mx\/?p=40503"},"modified":"2021-08-15T21:37:23","modified_gmt":"2021-08-15T21:37:23","slug":"ordena-juez-a-biden-restablecer-programa-quedate-en-mexico-de-trump","status":"publish","type":"post","link":"https:\/\/notiissa.mx\/?p=40503","title":{"rendered":"Ordena Juez a Biden restablecer programa &#8216;Qu\u00e9date en M\u00e9xico&#8217; de Trump"},"content":{"rendered":"\n<p>El juez consider\u00f3 que la administraci\u00f3n de Biden viol\u00f3 las leyes de procedimiento al no considerar \u00abvarios de los principales beneficios\u00bb del programa y actu\u00f3 \u00abarbitraria y caprichosamente\u00bb para ponerle fin.<\/p>\n\n\n\n<p><strong>Un juez federal estadounidense orden\u00f3 al gobierno del presidente Joe Biden restablecer la pol\u00edtica \u2018Qu\u00e9date en M\u00e9xico\u2019 de su predecesor republicano, Donald Trump<\/strong>, que oblig\u00f3 a decenas de miles de solicitantes de asilo centroamericanos a esperar en M\u00e9xico la respuesta de sus casos judiciales con Estados Unidos.<\/p>\n\n\n\n<p>En una victoria para los estados de Misuri y Texas, que entablaron la demanda, el juez de la Corte de Distrito de Estados Unidos, Matthew Kacsmaryk, dijo el viernes que<strong> la administraci\u00f3n de Biden viol\u00f3 las leyes de procedimiento al no considerar \u201cvarios de los principales beneficios\u201d del programa y actu\u00f3 \u201carbitraria y caprichosamente\u201d para ponerle fin.<\/strong><\/p>\n\n\n\n<p>Un memorando de la administraci\u00f3n de Biden anunci\u00f3 el final formal de la pol\u00edtica de Donald Trump el pasado 1 de junio. No estaba claro c\u00f3mo el fallo finalmente afectar\u00eda esa decisi\u00f3n. <strong>El expresidente instituy\u00f3 la pol\u00edtica a inicios de 2019.<\/strong><\/p>\n\n\n\n<p><strong>Kacsmaryk, designado por Trump, suspendi\u00f3 su decisi\u00f3n durante una semana para permitir que el gobierno apele.<\/strong> El Departamento de Seguridad Nacional (DHS, por sus siglas en ingl\u00e9s) no respondi\u00f3 de inmediato a una solicitud de comentarios.<\/p>\n\n\n\n<p>La pol\u00edtica de Trump, conocida oficialmente como Protocolos de Protecci\u00f3n a Migrantes (MPP), buscaba bloquear el avance a los solicitantes de asilo de Centroam\u00e9rica <strong>haci\u00e9ndolos esperar en M\u00e9xico el resultado de sus audiencias en Estados Unidos.<\/strong><\/p>\n\n\n\n<p>Los defensores de la pol\u00edtica dijeron que redujo la presi\u00f3n sobre los funcionarios de inmigraci\u00f3n, mientras<strong> grupos de derechos humanos aseguraron que viol\u00f3 el debido proceso<\/strong> y expuso a los refugiados indigentes al riesgo de sufrir delitos como secuestro, abuso y violaci\u00f3n.<\/p>\n\n\n\n<p>El pasado viernes, defensores de los migrantes criticaron las pol\u00edticas de asilo del presidente Joe Biden, pues consideraron que <strong>las expulsiones en la frontera entre Estados Unidos y M\u00e9xico y otras medidas disuasorias eran \u201ccrueles, ilegales e ineficaces\u201d.<\/strong><\/p>\n\n\n\n<p>En una carta dirigida a Biden y a funcionarios de alto rango, m\u00e1s de 100 organizaciones instaron al presidente dem\u00f3crata a <strong>restablecer la capacidad de todos los migrantes para solicitar asilo en Estados Unidos y evitar cualquier nueva pol\u00edtica que limite el acceso.<\/strong><\/p>\n\n\n\n<p>Prometiendo un enfoque de inmigraci\u00f3n m\u00e1s humano, <strong>Biden revirti\u00f3 muchas de las pol\u00edticas restrictivas de su predecesor republicano,<\/strong> el expresidente Donald Trump.<\/p>\n\n\n\n<p><strong>Sin embargo, el mandatario dem\u00f3crata ha mantenido un decreto conocido como T\u00edtulo 42,<\/strong> una de las medidas m\u00e1s limitantes de Trump que permite a las autoridades estadounidenses expulsar a los migrantes atrapados al cruzar la frontera de vuelta a M\u00e9xico.<\/p>\n\n\n\n<p><strong>Las detenciones en la frontera han aumentado a m\u00e1ximos de 20 a\u00f1os en los \u00faltimos meses,<\/strong> lo que ha alentado las cr\u00edticas de los republicanos a la decisi\u00f3n de Biden de revertir algunas restricciones de Trump.<\/p>\n\n\n\n<p><em>Reuters<\/em><\/p>\n\n\n\n<p>AN \/ MDS<\/p>\n","protected":false},"excerpt":{"rendered":"<p>El juez consider\u00f3 que la administraci\u00f3n de Biden viol\u00f3 las leyes de procedimiento al no considerar \u00abvarios de los principales beneficios\u00bb del programa y actu\u00f3 \u00abarbitraria y caprichosamente\u00bb para ponerle fin. Un juez federal estadounidense orden\u00f3 al gobierno del presidente Joe Biden restablecer la pol\u00edtica \u2018Qu\u00e9date en M\u00e9xico\u2019 de su predecesor republicano, Donald Trump, que [&hellip;]<\/p>\n","protected":false},"author":1,"featured_media":40504,"comment_status":"closed","ping_status":"closed","sticky":false,"template":"","format":"standard","meta":{"rop_custom_images_group":[],"rop_custom_messages_group":[],"rop_publish_now":"initial","rop_publish_now_accounts":[],"rop_publish_now_history":[],"rop_publish_now_status":"pending","footnotes":""},"categories":[60],"tags":[23],"class_list":["post-40503","post","type-post","status-publish","format-standard","has-post-thumbnail","hentry","category-sonnoticia","tag-destacado"],"_links":{"self":[{"href":"https:\/\/notiissa.mx\/index.php?rest_route=\/wp\/v2\/posts\/40503","targetHints":{"allow":["GET"]}}],"collection":[{"href":"https:\/\/notiissa.mx\/index.php?rest_route=\/wp\/v2\/posts"}],"about":[{"href":"https:\/\/notiissa.mx\/index.php?rest_route=\/wp\/v2\/types\/post"}],"author":[{"embeddable":true,"href":"https:\/\/notiissa.mx\/index.php?rest_route=\/wp\/v2\/users\/1"}],"replies":[{"embeddable":true,"href":"https:\/\/notiissa.mx\/index.php?rest_route=%2Fwp%2Fv2%2Fcomments&post=40503"}],"version-history":[{"count":1,"href":"https:\/\/notiissa.mx\/index.php?rest_route=\/wp\/v2\/posts\/40503\/revisions"}],"predecessor-version":[{"id":40505,"href":"https:\/\/notiissa.mx\/index.php?rest_route=\/wp\/v2\/posts\/40503\/revisions\/40505"}],"wp:featuredmedia":[{"embeddable":true,"href":"https:\/\/notiissa.mx\/index.php?rest_route=\/wp\/v2\/media\/40504"}],"wp:attachment":[{"href":"https:\/\/notiissa.mx\/index.php?rest_route=%2Fwp%2Fv2%2Fmedia&parent=40503"}],"wp:term":[{"taxonomy":"category","embeddable":true,"href":"https:\/\/notiissa.mx\/index.php?rest_route=%2Fwp%2Fv2%2Fcategories&post=40503"},{"taxonomy":"post_tag","embeddable":true,"href":"https:\/\/notiissa.mx\/index.php?rest_route=%2Fwp%2Fv2%2Ftags&post=40503"}],"curies":[{"name":"wp","href":"https:\/\/api.w.org\/{rel}","templated":true}]}}