{"id":40349,"date":"2021-08-10T21:22:06","date_gmt":"2021-08-10T21:22:06","guid":{"rendered":"https:\/\/notiissa.mx\/?p=40349"},"modified":"2021-08-10T21:22:07","modified_gmt":"2021-08-10T21:22:07","slug":"gobierno-federal-apoyo-a-chihuahua-con-650-millones-de-pesos-jc","status":"publish","type":"post","link":"https:\/\/notiissa.mx\/?p=40349","title":{"rendered":"Gobierno Federal apoyo a Chihuahua con 650 millones de pesos: JC"},"content":{"rendered":"\n<p>El Gobierno Federal ya concret\u00f3 un apoyo financiero de 650 millones de pesos, inform\u00f3 el gobernador Javier Corral Jurado, respecto a las gestiones que se han realizado con el presidente Andr\u00e9s Manuel L\u00f3pez Obrador.<\/p>\n\n\n\n<p>\u201cEse primer apoyo ya se ha concretado. Como todos lo escuchamos, el presidente L\u00f3pez Obrador se comprometi\u00f3 a respaldarnos con 650 millones de pesos para el tema de la n\u00f3mina, lo que es el d\u00e9ficit que traemos en agosto. Ese ya es un acuerdo que se tiene\u201d, dijo el mandatario al ser abordado por periodistas en Palacio de Gobierno.<\/p>\n\n\n\n<p>Indic\u00f3 que tal como lo dijo el Presidente en su discurso en su gira de trabajo por Ju\u00e1rez, se est\u00e1n revisando los apoyos para el cierre en otros temas, m\u00e1s all\u00e1 de la n\u00f3mina, como el que se requiere para poder saldar algunas deudas con proveedores y que ser\u00eda tambi\u00e9n de alrededor de unos 650 millones de pesos.<\/p>\n\n\n\n<p>\u201cQuiero decir que ya recibimos el mes pasado un primer apoyo, que se concret\u00f3 ese primer apoyo hace 15 d\u00edas, el \u00faltimo la semana pasada de 450 millones de pesos\u201d, indic\u00f3.<\/p>\n\n\n\n<p>Javier Corral detall\u00f3 que esos 450 millones de pesos recibidos se destinaron a otros adeudos que se ten\u00edan, tambi\u00e9n de n\u00f3mina pasada y proveedores.<\/p>\n\n\n\n<p>\u201cRealmente el Presidente ha estado analizando los n\u00fameros y como ustedes lo han escuchado, se ha comprometido a apoyarnos y estamos muy agradecidos con \u00e9l por eso. Yo estoy muy contento por la manera en que hemos cerrado nuestra relaci\u00f3n con el Gobierno Federal\u201d, expres\u00f3.<\/p>\n\n\n\n<p>Agreg\u00f3 que la Administraci\u00f3n entrante tendr\u00e1 recursos asegurados hasta diciembre de este a\u00f1o para el pago de n\u00f3mina.<\/p>\n","protected":false},"excerpt":{"rendered":"<p>El Gobierno Federal ya concret\u00f3 un apoyo financiero de 650 millones de pesos, inform\u00f3 el gobernador Javier Corral Jurado, respecto a las gestiones que se han realizado con el presidente Andr\u00e9s Manuel L\u00f3pez Obrador. \u201cEse primer apoyo ya se ha concretado. Como todos lo escuchamos, el presidente L\u00f3pez Obrador se comprometi\u00f3 a respaldarnos con 650 [&hellip;]<\/p>\n","protected":false},"author":1,"featured_media":40350,"comment_status":"closed","ping_status":"closed","sticky":false,"template":"","format":"standard","meta":{"rop_custom_images_group":[],"rop_custom_messages_group":[],"rop_publish_now":"initial","rop_publish_now_accounts":[],"rop_publish_now_history":[],"rop_publish_now_status":"pending","footnotes":""},"categories":[72],"tags":[23],"class_list":["post-40349","post","type-post","status-publish","format-standard","has-post-thumbnail","hentry","category-estado","tag-destacado"],"_links":{"self":[{"href":"https:\/\/notiissa.mx\/index.php?rest_route=\/wp\/v2\/posts\/40349","targetHints":{"allow":["GET"]}}],"collection":[{"href":"https:\/\/notiissa.mx\/index.php?rest_route=\/wp\/v2\/posts"}],"about":[{"href":"https:\/\/notiissa.mx\/index.php?rest_route=\/wp\/v2\/types\/post"}],"author":[{"embeddable":true,"href":"https:\/\/notiissa.mx\/index.php?rest_route=\/wp\/v2\/users\/1"}],"replies":[{"embeddable":true,"href":"https:\/\/notiissa.mx\/index.php?rest_route=%2Fwp%2Fv2%2Fcomments&post=40349"}],"version-history":[{"count":1,"href":"https:\/\/notiissa.mx\/index.php?rest_route=\/wp\/v2\/posts\/40349\/revisions"}],"predecessor-version":[{"id":40351,"href":"https:\/\/notiissa.mx\/index.php?rest_route=\/wp\/v2\/posts\/40349\/revisions\/40351"}],"wp:featuredmedia":[{"embeddable":true,"href":"https:\/\/notiissa.mx\/index.php?rest_route=\/wp\/v2\/media\/40350"}],"wp:attachment":[{"href":"https:\/\/notiissa.mx\/index.php?rest_route=%2Fwp%2Fv2%2Fmedia&parent=40349"}],"wp:term":[{"taxonomy":"category","embeddable":true,"href":"https:\/\/notiissa.mx\/index.php?rest_route=%2Fwp%2Fv2%2Fcategories&post=40349"},{"taxonomy":"post_tag","embeddable":true,"href":"https:\/\/notiissa.mx\/index.php?rest_route=%2Fwp%2Fv2%2Ftags&post=40349"}],"curies":[{"name":"wp","href":"https:\/\/api.w.org\/{rel}","templated":true}]}}