{"id":40346,"date":"2021-08-10T21:15:49","date_gmt":"2021-08-10T21:15:49","guid":{"rendered":"https:\/\/notiissa.mx\/?p=40346"},"modified":"2021-08-10T21:15:50","modified_gmt":"2021-08-10T21:15:50","slug":"imm-que-es-la-violencia-extrema","status":"publish","type":"post","link":"https:\/\/notiissa.mx\/?p=40346","title":{"rendered":"IMM: \u00bfQu\u00e9 es la violencia extrema?"},"content":{"rendered":"\n<p>Ciudad de Chihuahua.- El Instituto Municipal de las Mujeres (IMM) lleva a cabo el diplomado para la incorporaci\u00f3n de los enfoques de interseccionalidad e interculturalidad en el modelo de atenci\u00f3n a la violencia extrema del IMM, impartido por TERFU A.C.<\/p>\n\n\n\n<p>La integraci\u00f3n de estas perspectivas permitir\u00e1 al personal brindar un servicio que considere los distintos obst\u00e1culos a los que se enfrentan las mujeres para acceder a la justicia, as\u00ed como diferentes contextos culturales y sociales que se viven en la ciudad. Asimismo, parte de la formaci\u00f3n consiste en identificar factores de riesgo asociados con la trata de personas.<\/p>\n\n\n\n<p>El diplomado tiene como objetivo establecer un proceso de profesionalizaci\u00f3n y actualizaci\u00f3n en temas relacionados con la aplicaci\u00f3n de diagn\u00f3sticos para determinar la problem\u00e1tica de las v\u00edctimas de violencia familiar y de g\u00e9nero, as\u00ed como derechos humanos de las mujeres.<\/p>\n\n\n\n<p>Participan en esta profesionalizaci\u00f3n 16 personas de distintas \u00e1reas del Instituto, en un curso dividido en 5 m\u00f3dulos de los cu\u00e1les se desprenden tem\u00e1ticas especializadas para cada una de las \u00e1reas de atenci\u00f3n, con la intenci\u00f3n de lograr una formaci\u00f3n integral, actualizada y pertinente en el personal, lo cual permitir\u00e1 brindar servicios de calidad que respondan a las necesidades de las usuarias.<\/p>\n\n\n\n<p>El IMM reitera la disponibilidad de las l\u00edneas telef\u00f3nicas a trav\u00e9s de las cuales se podr\u00e1 recibir atenci\u00f3n y acompa\u00f1amiento en un horario de lunes a viernes de 900 a 1500 horas ante cualquier situaci\u00f3n de violencia de g\u00e9nero<\/p>\n\n\n\n<p>\u2022&nbsp;&nbsp;&nbsp;&nbsp;&nbsp;&nbsp;&nbsp;&nbsp;&nbsp;&nbsp;&nbsp;&nbsp; 4-90-07-89 Jur\u00eddico gratuito<\/p>\n\n\n\n<p>\u2022&nbsp;&nbsp;&nbsp;&nbsp;&nbsp;&nbsp;&nbsp;&nbsp;&nbsp;&nbsp;&nbsp;&nbsp; 4-10-23-05 Atenci\u00f3n en situaci\u00f3n de violencia<\/p>\n\n\n\n<p>Para m\u00e1s informaci\u00f3n sobre la labor del Instituto, comunicarse a trav\u00e9s de la p\u00e1gina de Facebook del IMM: <a rel=\"noreferrer noopener\" target=\"_blank\" href=\"http:\/\/app.marketero.com\/prensampio\/Public\/TrackingUrl?a=12774.2&amp;k=d5b99e89&amp;e=285\">https:\/\/www.facebook.com\/www.immujereschihuahua.org<\/a>. &nbsp;<\/p>\n","protected":false},"excerpt":{"rendered":"<p>Ciudad de Chihuahua.- El Instituto Municipal de las Mujeres (IMM) lleva a cabo el diplomado para la incorporaci\u00f3n de los enfoques de interseccionalidad e interculturalidad en el modelo de atenci\u00f3n a la violencia extrema del IMM, impartido por TERFU A.C. La integraci\u00f3n de estas perspectivas permitir\u00e1 al personal brindar un servicio que considere los distintos [&hellip;]<\/p>\n","protected":false},"author":1,"featured_media":40347,"comment_status":"closed","ping_status":"closed","sticky":false,"template":"","format":"standard","meta":{"rop_custom_images_group":[],"rop_custom_messages_group":[],"rop_publish_now":"initial","rop_publish_now_accounts":[],"rop_publish_now_history":[],"rop_publish_now_status":"pending","footnotes":""},"categories":[67,62],"tags":[23],"class_list":["post-40346","post","type-post","status-publish","format-standard","has-post-thumbnail","hentry","category-ciudad","category-cultura","tag-destacado"],"_links":{"self":[{"href":"https:\/\/notiissa.mx\/index.php?rest_route=\/wp\/v2\/posts\/40346","targetHints":{"allow":["GET"]}}],"collection":[{"href":"https:\/\/notiissa.mx\/index.php?rest_route=\/wp\/v2\/posts"}],"about":[{"href":"https:\/\/notiissa.mx\/index.php?rest_route=\/wp\/v2\/types\/post"}],"author":[{"embeddable":true,"href":"https:\/\/notiissa.mx\/index.php?rest_route=\/wp\/v2\/users\/1"}],"replies":[{"embeddable":true,"href":"https:\/\/notiissa.mx\/index.php?rest_route=%2Fwp%2Fv2%2Fcomments&post=40346"}],"version-history":[{"count":1,"href":"https:\/\/notiissa.mx\/index.php?rest_route=\/wp\/v2\/posts\/40346\/revisions"}],"predecessor-version":[{"id":40348,"href":"https:\/\/notiissa.mx\/index.php?rest_route=\/wp\/v2\/posts\/40346\/revisions\/40348"}],"wp:featuredmedia":[{"embeddable":true,"href":"https:\/\/notiissa.mx\/index.php?rest_route=\/wp\/v2\/media\/40347"}],"wp:attachment":[{"href":"https:\/\/notiissa.mx\/index.php?rest_route=%2Fwp%2Fv2%2Fmedia&parent=40346"}],"wp:term":[{"taxonomy":"category","embeddable":true,"href":"https:\/\/notiissa.mx\/index.php?rest_route=%2Fwp%2Fv2%2Fcategories&post=40346"},{"taxonomy":"post_tag","embeddable":true,"href":"https:\/\/notiissa.mx\/index.php?rest_route=%2Fwp%2Fv2%2Ftags&post=40346"}],"curies":[{"name":"wp","href":"https:\/\/api.w.org\/{rel}","templated":true}]}}