{"id":40296,"date":"2021-08-10T02:18:36","date_gmt":"2021-08-10T02:18:36","guid":{"rendered":"https:\/\/notiissa.mx\/?p=40296"},"modified":"2021-08-10T02:18:37","modified_gmt":"2021-08-10T02:18:37","slug":"por-concluir-entrega-extraordinaria-del-programa-alimentario-para-el-adulto-mayor","status":"publish","type":"post","link":"https:\/\/notiissa.mx\/?p=40296","title":{"rendered":"Por concluir entrega extraordinaria del Programa Alimentario para el Adulto Mayor"},"content":{"rendered":"\n<p>Ciudad de Chihuahua.- Dio a conocer la Direcci\u00f3n de Desarrollo Humano y Educaci\u00f3n del Municipio, que el d\u00eda de ma\u00f1ana martes 10 de agosto finaliza la fecha de ampliaci\u00f3n para la entrega extraordinaria, correspondiente a la segunda etapa, del Programa Alimentario para el Adulto Mayor (PAAM).<\/p>\n\n\n\n<p>Los beneficiarios, previamente inscritos en el programa, deber\u00e1n acudir personalmente con una identificaci\u00f3n oficial al Parque Revoluci\u00f3n (Mausoleo de Villa), ubicado en las calles Nicol\u00e1s Bravo y Tercera en la colonia Centro, en un horario de 9:00 a 15:00 horas, \u00fanicamente hasta ma\u00f1ana 10 de agosto.<\/p>\n\n\n\n<p>Los adultos mayores que no vayan por su beneficio alimentario, no podr\u00e1n recibirlo m\u00e1s adelante y perder\u00e1n las despensas correspondientes a esta etapa.<\/p>\n\n\n\n<p>En caso de que un adulto mayor tenga alguna discapacidad que no le permita acudir, deber\u00e1 llamar al Departamento del Club del Abuelo de la Direcci\u00f3n de Desarrollo Humano y Educaci\u00f3n y agendar una cita para que el personal de la dependencia vaya a su domicilio a entregarle el apoyo.<\/p>\n\n\n\n<p>Para dudas o aclaraciones favor de comunicarse al 072 extensi\u00f3n 6510 con atenci\u00f3n directa al Departamento del Club el Abuelo.<\/p>\n","protected":false},"excerpt":{"rendered":"<p>Ciudad de Chihuahua.- Dio a conocer la Direcci\u00f3n de Desarrollo Humano y Educaci\u00f3n del Municipio, que el d\u00eda de ma\u00f1ana martes 10 de agosto finaliza la fecha de ampliaci\u00f3n para la entrega extraordinaria, correspondiente a la segunda etapa, del Programa Alimentario para el Adulto Mayor (PAAM). Los beneficiarios, previamente inscritos en el programa, deber\u00e1n acudir [&hellip;]<\/p>\n","protected":false},"author":1,"featured_media":40297,"comment_status":"closed","ping_status":"closed","sticky":false,"template":"","format":"standard","meta":{"rop_custom_images_group":[],"rop_custom_messages_group":[],"rop_publish_now":"initial","rop_publish_now_accounts":[],"rop_publish_now_history":[],"rop_publish_now_status":"pending","footnotes":""},"categories":[67],"tags":[],"class_list":["post-40296","post","type-post","status-publish","format-standard","has-post-thumbnail","hentry","category-ciudad"],"_links":{"self":[{"href":"https:\/\/notiissa.mx\/index.php?rest_route=\/wp\/v2\/posts\/40296","targetHints":{"allow":["GET"]}}],"collection":[{"href":"https:\/\/notiissa.mx\/index.php?rest_route=\/wp\/v2\/posts"}],"about":[{"href":"https:\/\/notiissa.mx\/index.php?rest_route=\/wp\/v2\/types\/post"}],"author":[{"embeddable":true,"href":"https:\/\/notiissa.mx\/index.php?rest_route=\/wp\/v2\/users\/1"}],"replies":[{"embeddable":true,"href":"https:\/\/notiissa.mx\/index.php?rest_route=%2Fwp%2Fv2%2Fcomments&post=40296"}],"version-history":[{"count":1,"href":"https:\/\/notiissa.mx\/index.php?rest_route=\/wp\/v2\/posts\/40296\/revisions"}],"predecessor-version":[{"id":40298,"href":"https:\/\/notiissa.mx\/index.php?rest_route=\/wp\/v2\/posts\/40296\/revisions\/40298"}],"wp:featuredmedia":[{"embeddable":true,"href":"https:\/\/notiissa.mx\/index.php?rest_route=\/wp\/v2\/media\/40297"}],"wp:attachment":[{"href":"https:\/\/notiissa.mx\/index.php?rest_route=%2Fwp%2Fv2%2Fmedia&parent=40296"}],"wp:term":[{"taxonomy":"category","embeddable":true,"href":"https:\/\/notiissa.mx\/index.php?rest_route=%2Fwp%2Fv2%2Fcategories&post=40296"},{"taxonomy":"post_tag","embeddable":true,"href":"https:\/\/notiissa.mx\/index.php?rest_route=%2Fwp%2Fv2%2Ftags&post=40296"}],"curies":[{"name":"wp","href":"https:\/\/api.w.org\/{rel}","templated":true}]}}