{"id":40264,"date":"2021-08-09T18:28:47","date_gmt":"2021-08-09T18:28:47","guid":{"rendered":"https:\/\/notiissa.mx\/?p=40264"},"modified":"2021-08-09T18:28:48","modified_gmt":"2021-08-09T18:28:48","slug":"el-caribe-mexicano-se-vende-como-destino-seguro-ante-la-omm","status":"publish","type":"post","link":"https:\/\/notiissa.mx\/?p=40264","title":{"rendered":"El Caribe mexicano se vende como destino seguro ante la OMM"},"content":{"rendered":"\n<p>En el evento organizado por&nbsp;la Organizaci\u00f3n Mundo Maya (OMM) para dar a conocer los grandes atractivos que ofrece la regi\u00f3n,&nbsp; integrada por los pa\u00edses de Belice, El Salvador, Guatemala, Honduras y M\u00e9xico, con la participaci\u00f3n de los estados de Campeche, Chiapas, Quintana Roo, Tabasco y Yucat\u00e1n; el subsecretario de Promoci\u00f3n y Operaci\u00f3n Tur\u00edstica del estado de Quintana Roo y encargado de despacho, Andr\u00e9s Aguilar Becerril, abord\u00f3 los diferentes mecanismos que Quintana Roo ha implementado para salvaguardar la salud y bienestar de la poblaci\u00f3n y los millones de turistas y visitantes, como son los programas de&nbsp;Certificaci\u00f3n en Protecci\u00f3n y &nbsp;Prevenci\u00f3n en Instalaciones Tur\u00edsticas y el Guest Assist.<\/p>\n\n\n\n<p>Destac\u00f3 el incremento en la conectividad a\u00e9rea hacia el Caribe mexicano, y la afluencia de la temporada vacacional de verano. Tan solo el pasado viernes el Aeropuerto Internacional de Canc\u00fan tuvo un movimiento en vuelos de 478 operaciones de los cuales 241 fueron llegadas, 106 de vuelos nacionales y 135 internacionales. Como dijo <em>REPORTUR.mx<\/em> de acuerdo a ASUR llegan vuelos cada 3 minutos y han llegado a recibir 20 vuelos en una hora.<\/p>\n\n\n\n<p>Asimismo, habl\u00f3 de la llegada al estado de 139,144 turistas, quienes tambi\u00e9n han ayudado a reforzar la ocupaci\u00f3n hotelera a los diferentes destinos como Canc\u00fan con un 64.4% de ocupaci\u00f3n promedio y Riviera Maya con el 63.8%, seguido de Cozumel con el 59.5% y Costa Maya con un 30.2%.<\/p>\n\n\n\n<p>Aguilar Becerril destac\u00f3, que en&nbsp;Quintana Roo ven una gran oportunidad de colaborar a trav\u00e9s de la Alianza Mundo Maya M\u00e9xico de manera coordinada a favor del desarrollo tur\u00edstico sustentable de la regi\u00f3n, aunado al compromiso y unidad de las comunidades y empresas que se han adaptado y han desempe\u00f1ado un excelente trabajo al aplicar las medidas de seguridad e higiene, lo que ha permitido al estado ser un destino seguro que abre sus puertas a todos los visitantes del mundo.<\/p>\n\n\n\n<p>La OMM, durante el evento virtual para reactivar las acciones de promoci\u00f3n de la regi\u00f3n, ofreci\u00f3&nbsp;conferencias, seminarios, informaci\u00f3n general y citas de negocios a distancia entre compradores, expositores y representantes de las diferentes dependencias de turismo.<\/p>\n\n\n\n<p>En el evento participaron m\u00e1s de 200 expositores de todos los pa\u00edses del Mundo Maya y m\u00e1s de 250 compradores de 13 pa\u00edses, entre ellos: Estados Unidos, Canad\u00e1, Panam\u00e1 y Rep\u00fablica Dominicana y mercados de Am\u00e9rica del Sur, incluidos Brasil, Chile, Colombia y Per\u00fa.<\/p>\n\n\n\n<p>Por parte de Quintana Roo participaron: Ecocolors, Community Tours Sian Ka\u2019an, Centro Ecotur\u00edstico K\u00edichpamK\u2019\u00e1ax, Caminos Sagrados,Mayan World Adventures, Ventura Entertainment (Selv\u00e1tica, Ventura Park, Dolphinaris), Latitud Maya y Ta\u2019akabil ja; quienes tuvieron la oportunidad de ofrecer sus productos y servicios tur\u00edsticos a los compradores potenciales en las citas de negocios.<\/p>\n\n\n\n<p>De igual forma particip\u00f3 la Secretar\u00eda de Turismo del Estado haciendo especial \u00e9nfasis en el destino Maya Ka\u2019an, debido a sus atractivos culturales y naturales, resultando de sumo inter\u00e9s para los agentes y turoperadores.<\/p>\n\n\n\n<p>Reportur<\/p>\n","protected":false},"excerpt":{"rendered":"<p>En el evento organizado por&nbsp;la Organizaci\u00f3n Mundo Maya (OMM) para dar a conocer los grandes atractivos que ofrece la regi\u00f3n,&nbsp; integrada por los pa\u00edses de Belice, El Salvador, Guatemala, Honduras y M\u00e9xico, con la participaci\u00f3n de los estados de Campeche, Chiapas, Quintana Roo, Tabasco y Yucat\u00e1n; el subsecretario de Promoci\u00f3n y Operaci\u00f3n Tur\u00edstica del estado [&hellip;]<\/p>\n","protected":false},"author":1,"featured_media":40265,"comment_status":"closed","ping_status":"closed","sticky":false,"template":"","format":"standard","meta":{"rop_custom_images_group":[],"rop_custom_messages_group":[],"rop_publish_now":"initial","rop_publish_now_accounts":[],"rop_publish_now_history":[],"rop_publish_now_status":"pending","footnotes":""},"categories":[61,66],"tags":[23],"class_list":["post-40264","post","type-post","status-publish","format-standard","has-post-thumbnail","hentry","category-economia","category-estilo-de-vida","tag-destacado"],"_links":{"self":[{"href":"https:\/\/notiissa.mx\/index.php?rest_route=\/wp\/v2\/posts\/40264","targetHints":{"allow":["GET"]}}],"collection":[{"href":"https:\/\/notiissa.mx\/index.php?rest_route=\/wp\/v2\/posts"}],"about":[{"href":"https:\/\/notiissa.mx\/index.php?rest_route=\/wp\/v2\/types\/post"}],"author":[{"embeddable":true,"href":"https:\/\/notiissa.mx\/index.php?rest_route=\/wp\/v2\/users\/1"}],"replies":[{"embeddable":true,"href":"https:\/\/notiissa.mx\/index.php?rest_route=%2Fwp%2Fv2%2Fcomments&post=40264"}],"version-history":[{"count":1,"href":"https:\/\/notiissa.mx\/index.php?rest_route=\/wp\/v2\/posts\/40264\/revisions"}],"predecessor-version":[{"id":40266,"href":"https:\/\/notiissa.mx\/index.php?rest_route=\/wp\/v2\/posts\/40264\/revisions\/40266"}],"wp:featuredmedia":[{"embeddable":true,"href":"https:\/\/notiissa.mx\/index.php?rest_route=\/wp\/v2\/media\/40265"}],"wp:attachment":[{"href":"https:\/\/notiissa.mx\/index.php?rest_route=%2Fwp%2Fv2%2Fmedia&parent=40264"}],"wp:term":[{"taxonomy":"category","embeddable":true,"href":"https:\/\/notiissa.mx\/index.php?rest_route=%2Fwp%2Fv2%2Fcategories&post=40264"},{"taxonomy":"post_tag","embeddable":true,"href":"https:\/\/notiissa.mx\/index.php?rest_route=%2Fwp%2Fv2%2Ftags&post=40264"}],"curies":[{"name":"wp","href":"https:\/\/api.w.org\/{rel}","templated":true}]}}