{"id":40258,"date":"2021-08-09T18:03:37","date_gmt":"2021-08-09T18:03:37","guid":{"rendered":"https:\/\/notiissa.mx\/?p=40258"},"modified":"2021-08-09T18:03:38","modified_gmt":"2021-08-09T18:03:38","slug":"tratamiento-de-ninos-con-autismo-de-3-a-12-anos-de-edad","status":"publish","type":"post","link":"https:\/\/notiissa.mx\/?p=40258","title":{"rendered":"\u201cTratamiento de ni\u00f1os con autismo de 3 a 12 a\u00f1os de edad\u201d"},"content":{"rendered":"\n<p>Dio inicio la primera Jornada Internacional del Docente de Educaci\u00f3n Especial de Claustro<br>Universitario de Chihuahua, con la presentaci\u00f3n del libro \u201cTratamiento de los ni\u00f1os con autismo en<br>etapa de 3 a 12 a\u00f1os de edad\u201d por parte de la alumna de la carrera de<br>Educaci\u00f3n Especial, Alejandra Urueta Gonz\u00e1lez.<\/p>\n\n\n\n<p>En la presentaci\u00f3n de lo que en un inicio fue un art\u00edculo para una<br>revista especializada en Espa\u00f1a, la alumna chihuahuense, se\u00f1al\u00f3 que<br>posteriormente\u00a0 y gracias al apoyo de maestros, se decidi\u00f3 a escribir<br>el libro que ha tenido repercusi\u00f3n en diversos pa\u00edses, pues el tema de<br>la investigaci\u00f3n esta traducido a siete\u00a0 idiomas.<\/p>\n\n\n\n<p>El autismo, explic\u00f3,\u00a0 es un trastorno psicol\u00f3gico que se caracteriza<br>por la intensa concentraci\u00f3n de una persona en su propio mundo<br>interior y la progresiva p\u00e9rdida de contacto con la realidad exterior.<\/p>\n\n\n\n<p>Se\u00f1al\u00f3 que esta, es\u00a0 una palabra que hace referencia a una gran<br>variedad de trastornos del desarrollo que algunas personas sufren<br>desde el nacimiento o desarrollan en los primeros a\u00f1os de vida, una<br>persona que sufre afecciones que se incluyen dentro de este espectro<br>tiene trastorno del espectro autista y perdurara a lo largo de todo su<br>ciclo vital.<\/p>\n\n\n\n<p>Los datos m\u00e1s recientes que maneja el Centro de Control de<br>Enfermedades de los Estados Unidos revelan que a 1 de cada 68 ni\u00f1os es<br>diagnosticado con alg\u00fan tipo de Trastorno del Espectro Autista (TEA).<br><\/p>\n\n\n\n<p>Leonardo Avi\u00f1a, Director General de Claustro Universitario de<br>Chihuahua, se\u00f1al\u00f3 que la investigaci\u00f3n realizada por la estudiante de<br>la licenciatura en Educaci\u00f3n Especial del CUCH, demuestra que lo<br>aprendido en las clases, rinde sus frutos, a pesar de que Alejandra<br>Gonz\u00e1lez es todav\u00eda muy joven.<\/p>\n\n\n\n<p>Se\u00f1al\u00f3 que la primera Jornada Internacional del Docente en Educaci\u00f3n<br>Especial es el arranque de otros eventos que se realizan para festejar<br>el primer cuarto de siglo de Claustro Universitario de Chihuahua y<br>como una respuesta a las demandas de la sociedad, en educaci\u00f3n,<br>investigaci\u00f3n y tratamiento de trastornos neurobiol\u00f3gico del<br>desarrollo como lo es el autismo.<\/p>\n","protected":false},"excerpt":{"rendered":"<p>Dio inicio la primera Jornada Internacional del Docente de Educaci\u00f3n Especial de ClaustroUniversitario de Chihuahua, con la presentaci\u00f3n del libro \u201cTratamiento de los ni\u00f1os con autismo enetapa de 3 a 12 a\u00f1os de edad\u201d por parte de la alumna de la carrera deEducaci\u00f3n Especial, Alejandra Urueta Gonz\u00e1lez. En la presentaci\u00f3n de lo que en un [&hellip;]<\/p>\n","protected":false},"author":1,"featured_media":40259,"comment_status":"closed","ping_status":"closed","sticky":false,"template":"","format":"standard","meta":{"rop_custom_images_group":[],"rop_custom_messages_group":[],"rop_publish_now":"initial","rop_publish_now_accounts":[],"rop_publish_now_history":[],"rop_publish_now_status":"pending","footnotes":""},"categories":[67,64,71],"tags":[23],"class_list":["post-40258","post","type-post","status-publish","format-standard","has-post-thumbnail","hentry","category-ciudad","category-educacion","category-salud","tag-destacado"],"_links":{"self":[{"href":"https:\/\/notiissa.mx\/index.php?rest_route=\/wp\/v2\/posts\/40258","targetHints":{"allow":["GET"]}}],"collection":[{"href":"https:\/\/notiissa.mx\/index.php?rest_route=\/wp\/v2\/posts"}],"about":[{"href":"https:\/\/notiissa.mx\/index.php?rest_route=\/wp\/v2\/types\/post"}],"author":[{"embeddable":true,"href":"https:\/\/notiissa.mx\/index.php?rest_route=\/wp\/v2\/users\/1"}],"replies":[{"embeddable":true,"href":"https:\/\/notiissa.mx\/index.php?rest_route=%2Fwp%2Fv2%2Fcomments&post=40258"}],"version-history":[{"count":1,"href":"https:\/\/notiissa.mx\/index.php?rest_route=\/wp\/v2\/posts\/40258\/revisions"}],"predecessor-version":[{"id":40260,"href":"https:\/\/notiissa.mx\/index.php?rest_route=\/wp\/v2\/posts\/40258\/revisions\/40260"}],"wp:featuredmedia":[{"embeddable":true,"href":"https:\/\/notiissa.mx\/index.php?rest_route=\/wp\/v2\/media\/40259"}],"wp:attachment":[{"href":"https:\/\/notiissa.mx\/index.php?rest_route=%2Fwp%2Fv2%2Fmedia&parent=40258"}],"wp:term":[{"taxonomy":"category","embeddable":true,"href":"https:\/\/notiissa.mx\/index.php?rest_route=%2Fwp%2Fv2%2Fcategories&post=40258"},{"taxonomy":"post_tag","embeddable":true,"href":"https:\/\/notiissa.mx\/index.php?rest_route=%2Fwp%2Fv2%2Ftags&post=40258"}],"curies":[{"name":"wp","href":"https:\/\/api.w.org\/{rel}","templated":true}]}}