{"id":40242,"date":"2021-08-08T20:14:28","date_gmt":"2021-08-08T20:14:28","guid":{"rendered":"https:\/\/notiissa.mx\/?p=40242"},"modified":"2021-08-08T20:14:30","modified_gmt":"2021-08-08T20:14:30","slug":"invita-dif-municipal-a-veraneada-virtual-del-9-al-13-de-agosto","status":"publish","type":"post","link":"https:\/\/notiissa.mx\/?p=40242","title":{"rendered":"Invita DIF Municipal a veraneada virtual del 9 al 13 de agosto"},"content":{"rendered":"\n<p>Ciudad de Chihuahua.- Llevar\u00e1 a cabo el DIF Municipal la veraneada virtual del 9 al 13 de agosto en horario de 10:00 am a 12:30pm, la cual tiene como fin que se disfrute en compa\u00f1\u00eda de toda la familia sin salir de casa.<\/p>\n\n\n\n<p>Dicha veraneada esta dirigida para ni\u00f1as y ni\u00f1os de 6 a 12 a\u00f1os, la cual contar\u00e1 con un amplio calendario de actividades como: clases de baile, m\u00fasica, dibujo, deportes y recorridos por las comandancias de Polic\u00eda Municipal y el \u00e1rea de Bomberos. Las actividades estar\u00e1n disponibles en la p\u00e1gina de Facebook del DIF Municipal: <a rel=\"noreferrer noopener\" target=\"_blank\" href=\"http:\/\/app.marketero.com\/prensampio\/Public\/TrackingUrl?a=12763.3&amp;k=af067a89&amp;e=285\">https:\/\/www.facebook.com\/DIF-Municipal-Chihuahua-358294874355299\/<\/a>.<\/p>\n\n\n\n<p>Cabe mencionar que se contar\u00e1 con maestros expertos en m\u00fasica, jazz, dibujo, karate; adem\u00e1s elementos K-9 de la Polic\u00eda Municipal participar\u00e1n mostrando el trabajo que realizan con los perro polic\u00edas.<\/p>\n\n\n\n<p>Asimismo, la Direcci\u00f3n de Seguridad P\u00fablica mostrar\u00e1 a las ni\u00f1as y ni\u00f1os que participen en la veraneada las actividades que lleva a cabo el equipo de aeronaves policiales como los drones; tambi\u00e9n podr\u00e1n explorar y conocer la sala de la Plataforma Escudo Chihuahua y a trav\u00e9s de Sparky la mascota del H. Cuerpo de Bomberos aprender\u00e1n sobre que se debe de hacer en caso de un incendio en casa, entre otras cosas.<\/p>\n","protected":false},"excerpt":{"rendered":"<p>Ciudad de Chihuahua.- Llevar\u00e1 a cabo el DIF Municipal la veraneada virtual del 9 al 13 de agosto en horario de 10:00 am a 12:30pm, la cual tiene como fin que se disfrute en compa\u00f1\u00eda de toda la familia sin salir de casa. Dicha veraneada esta dirigida para ni\u00f1as y ni\u00f1os de 6 a 12 [&hellip;]<\/p>\n","protected":false},"author":1,"featured_media":40243,"comment_status":"closed","ping_status":"closed","sticky":false,"template":"","format":"standard","meta":{"rop_custom_images_group":[],"rop_custom_messages_group":[],"rop_publish_now":"initial","rop_publish_now_accounts":[],"rop_publish_now_history":[],"rop_publish_now_status":"pending","footnotes":""},"categories":[67,62],"tags":[23],"class_list":["post-40242","post","type-post","status-publish","format-standard","has-post-thumbnail","hentry","category-ciudad","category-cultura","tag-destacado"],"_links":{"self":[{"href":"https:\/\/notiissa.mx\/index.php?rest_route=\/wp\/v2\/posts\/40242","targetHints":{"allow":["GET"]}}],"collection":[{"href":"https:\/\/notiissa.mx\/index.php?rest_route=\/wp\/v2\/posts"}],"about":[{"href":"https:\/\/notiissa.mx\/index.php?rest_route=\/wp\/v2\/types\/post"}],"author":[{"embeddable":true,"href":"https:\/\/notiissa.mx\/index.php?rest_route=\/wp\/v2\/users\/1"}],"replies":[{"embeddable":true,"href":"https:\/\/notiissa.mx\/index.php?rest_route=%2Fwp%2Fv2%2Fcomments&post=40242"}],"version-history":[{"count":1,"href":"https:\/\/notiissa.mx\/index.php?rest_route=\/wp\/v2\/posts\/40242\/revisions"}],"predecessor-version":[{"id":40244,"href":"https:\/\/notiissa.mx\/index.php?rest_route=\/wp\/v2\/posts\/40242\/revisions\/40244"}],"wp:featuredmedia":[{"embeddable":true,"href":"https:\/\/notiissa.mx\/index.php?rest_route=\/wp\/v2\/media\/40243"}],"wp:attachment":[{"href":"https:\/\/notiissa.mx\/index.php?rest_route=%2Fwp%2Fv2%2Fmedia&parent=40242"}],"wp:term":[{"taxonomy":"category","embeddable":true,"href":"https:\/\/notiissa.mx\/index.php?rest_route=%2Fwp%2Fv2%2Fcategories&post=40242"},{"taxonomy":"post_tag","embeddable":true,"href":"https:\/\/notiissa.mx\/index.php?rest_route=%2Fwp%2Fv2%2Ftags&post=40242"}],"curies":[{"name":"wp","href":"https:\/\/api.w.org\/{rel}","templated":true}]}}