{"id":40239,"date":"2021-08-08T15:31:05","date_gmt":"2021-08-08T15:31:05","guid":{"rendered":"https:\/\/notiissa.mx\/?p=40239"},"modified":"2021-08-08T15:31:06","modified_gmt":"2021-08-08T15:31:06","slug":"hito-de-cuba-legaliza-pequenas-y-medianas-empresas-de-turismo","status":"publish","type":"post","link":"https:\/\/notiissa.mx\/?p=40239","title":{"rendered":"Hito de Cuba: legaliza peque\u00f1as y medianas empresas de turismo"},"content":{"rendered":"\n<p>Un hito ha sido en Cuba la legalizaci\u00f3n de peque\u00f1as y medianas empresas de turismo, cuando en una econom\u00eda socialista prevalecen las compa\u00f1\u00edas p\u00fablicas. Sin embargo, este viernes el gobierno cubano autoriz\u00f3 el funcionamiento de pymes privadas y estatales.<\/p>\n\n\n\n<p>Para el turismo es un gran avance pues es el principal motor econ\u00f3mico de la Isla y el que m\u00e1s ha sido afectado por la pandemia. \u201cEl Consejo de Estado aprob\u00f3 el decreto-ley \u2018Sobre las Micro, Peque\u00f1as y Medianas Empresas\u2019, que facilita su inserci\u00f3n de forma coherente en el ordenamiento jur\u00eddico como actor que incide en la transformaci\u00f3n productiva del pa\u00eds\u201d, registra la p\u00e1gina web de la Asamblea Nacional del Poder Popular de Cuba.<\/p>\n\n\n\n<p>La asamblea estableci\u00f3 que las pymes pueden ser privadas, estatales o mixtas y podr\u00e1n tener de uno a 10 empleados, las peque\u00f1as, de 11 a 35 personas y las medianas hasta 100 trabajadores. \u201cPara la econom\u00eda cubana, no solo en el \u00e1mbito econ\u00f3mico, sino tambi\u00e9n en el \u00e1mbito hist\u00f3rico esto representa un paso gigante que tendr\u00e1 consecuencias en el mediano y largo plazo\u201d, dijo a la AFP Oniel D\u00edaz, consultor especializado en desarrollo de negocios, comunicaci\u00f3n y asuntos p\u00fablicos en Cuba.<\/p>\n\n\n\n<p>Como dijo <em>REPORTUR.mx<\/em>, el gobierno de Cuba solicit\u00f3 a mediados de julio, ayuda a los hoteleros espa\u00f1oles que tienen sus marcas radicadas all\u00ed, para abastecerse de material m\u00e9dico, principalmente jeringas y as\u00ed poder continuar con el programa de vacunaci\u00f3n de la Isla, al tiempo que ante los disturbios se ha comprometido a facilitar el reparto de alimentos y medicinas, a la vez que mejorar el servicio el\u00e9ctrico.<\/p>\n\n\n\n<p>La petici\u00f3n se habr\u00eda hecho de manera extraoficial a trav\u00e9s de las entidades mixtas cubanas, las cuales ayudan a los hoteleros hacer las inversiones para poder radicarse en la Isla, en terrenos del Estado.<\/p>\n\n\n\n<p>Reportur<\/p>\n","protected":false},"excerpt":{"rendered":"<p>Un hito ha sido en Cuba la legalizaci\u00f3n de peque\u00f1as y medianas empresas de turismo, cuando en una econom\u00eda socialista prevalecen las compa\u00f1\u00edas p\u00fablicas. Sin embargo, este viernes el gobierno cubano autoriz\u00f3 el funcionamiento de pymes privadas y estatales. Para el turismo es un gran avance pues es el principal motor econ\u00f3mico de la Isla [&hellip;]<\/p>\n","protected":false},"author":1,"featured_media":40240,"comment_status":"closed","ping_status":"closed","sticky":false,"template":"","format":"standard","meta":{"rop_custom_images_group":[],"rop_custom_messages_group":[],"rop_publish_now":"initial","rop_publish_now_accounts":[],"rop_publish_now_history":[],"rop_publish_now_status":"pending","footnotes":""},"categories":[61,66],"tags":[23],"class_list":["post-40239","post","type-post","status-publish","format-standard","has-post-thumbnail","hentry","category-economia","category-estilo-de-vida","tag-destacado"],"_links":{"self":[{"href":"https:\/\/notiissa.mx\/index.php?rest_route=\/wp\/v2\/posts\/40239","targetHints":{"allow":["GET"]}}],"collection":[{"href":"https:\/\/notiissa.mx\/index.php?rest_route=\/wp\/v2\/posts"}],"about":[{"href":"https:\/\/notiissa.mx\/index.php?rest_route=\/wp\/v2\/types\/post"}],"author":[{"embeddable":true,"href":"https:\/\/notiissa.mx\/index.php?rest_route=\/wp\/v2\/users\/1"}],"replies":[{"embeddable":true,"href":"https:\/\/notiissa.mx\/index.php?rest_route=%2Fwp%2Fv2%2Fcomments&post=40239"}],"version-history":[{"count":1,"href":"https:\/\/notiissa.mx\/index.php?rest_route=\/wp\/v2\/posts\/40239\/revisions"}],"predecessor-version":[{"id":40241,"href":"https:\/\/notiissa.mx\/index.php?rest_route=\/wp\/v2\/posts\/40239\/revisions\/40241"}],"wp:featuredmedia":[{"embeddable":true,"href":"https:\/\/notiissa.mx\/index.php?rest_route=\/wp\/v2\/media\/40240"}],"wp:attachment":[{"href":"https:\/\/notiissa.mx\/index.php?rest_route=%2Fwp%2Fv2%2Fmedia&parent=40239"}],"wp:term":[{"taxonomy":"category","embeddable":true,"href":"https:\/\/notiissa.mx\/index.php?rest_route=%2Fwp%2Fv2%2Fcategories&post=40239"},{"taxonomy":"post_tag","embeddable":true,"href":"https:\/\/notiissa.mx\/index.php?rest_route=%2Fwp%2Fv2%2Ftags&post=40239"}],"curies":[{"name":"wp","href":"https:\/\/api.w.org\/{rel}","templated":true}]}}