{"id":40223,"date":"2021-08-08T14:40:52","date_gmt":"2021-08-08T14:40:52","guid":{"rendered":"https:\/\/notiissa.mx\/?p=40223"},"modified":"2021-08-08T14:40:53","modified_gmt":"2021-08-08T14:40:53","slug":"conoce-las-colonias-que-visitara-el-destilichadero-la-proxima-semana-2","status":"publish","type":"post","link":"https:\/\/notiissa.mx\/?p=40223","title":{"rendered":"Conoce las colonias que visitar\u00e1 el Destilichadero la pr\u00f3xima semana"},"content":{"rendered":"\n<p>&#8211;<strong>Atenci\u00f3n vecinos de Jardines de Sacramento<\/strong>.<\/p>\n\n\n\n<p>&#8211; <em>El Destilichadero se puede solicitar al tel\u00e9fono 072 o en la aplicaci\u00f3n Marca el Cambio<\/em>.<\/p>\n\n\n\n<p>Ciudad de Chihuahua.- La Direcci\u00f3n de Servicios P\u00fablicos sigue implementando cada semana el programa de Destilichadero en distintas colonias, con el objetivo de apoyar a los ciudadanos a que tengan una opci\u00f3n para deshacerse de los residuos de gran volumen que el cami\u00f3n recolector no puede retirar.<\/p>\n\n\n\n<p>El calendario de atenci\u00f3n para los pr\u00f3ximos d\u00edas es el siguiente:<\/p>\n\n\n\n<p><strong>Lunes 9 de agosto<\/strong><\/p>\n\n\n\n<p><strong>Colonia: Jardines de Sacramento<\/strong>&nbsp;(cuadrante de atenci\u00f3n entre calles: Jard\u00edn de Vizcaya \u2013 Ribere\u00f1a \u2013 Calera \u2013 Monte Everest)<\/p>\n\n\n\n<p><strong>Contenedor: Jard\u00edn Fronteira y Monte Pico (parque)<\/strong><\/p>\n\n\n\n<p><strong>Martes 10 de agosto<\/strong><\/p>\n\n\n\n<p><strong>Colonia: Nuevo Triunfo&nbsp;<\/strong>(cuadrante de atenci\u00f3n: avenida Venceremos \u2013 Hacienda de la Flor \u2013 Heroico Colegio Militar \u2013 Hacienda La Haciendita)<\/p>\n\n\n\n<p><strong>Contenedor: Hacienda de la Flor y Heroico Colegio Militar<\/strong><\/p>\n\n\n\n<p><strong>Jueves 12 de agosto<\/strong><\/p>\n\n\n\n<p><strong>Colonias: Francisco Dom\u00ednguez y El Vergel&nbsp;<\/strong>(cuadrante de atenci\u00f3n: Heroico Colegio Militar \u2013 Homero \u2013 Insurgentes \u2013 17\u00aa)<\/p>\n\n\n\n<p><strong>Contenedor: Pablo Lincoln y Natividad Muruato Quezada (frente al jard\u00edn de ni\u00f1os)<\/strong><\/p>\n\n\n\n<p><strong>Viernes 13 de agosto<\/strong><\/p>\n\n\n\n<p><strong>Colonias: Campesina Nueva, Salud y Begonias&nbsp;<\/strong>(cuadrante de atenci\u00f3n: Perif\u00e9rico de la Juventud \u2013 Francisco Zarzo \u2013 calle 66\u00aa \u2013 Miguelitos \u2013 Girasoles)<\/p>\n\n\n\n<p><strong>Contenedor: Girasoles y Violetas<\/strong><\/p>\n\n\n\n<p><strong>S\u00e1bado 14 de agosto<\/strong><\/p>\n\n\n\n<p><strong>Colonia: Gustavo D\u00edaz Ordaz<\/strong>&nbsp;(cuadrante de atenci\u00f3n: Alta Tensi\u00f3n \u2013 Coordinadora \u2013 calle 48\u00aa \u2013 calle 46\u00aa \u2013 Zubir\u00e1n \u2013 Ruiz Cortines \u2013 Adolfo de la Huerta \u2013 calle 62\u00aa \u2013 Ciudad Valle \u2013 Ayuntamiento)<\/p>\n\n\n\n<p><strong>Contenedor: Melchor Guaspe y calle 48\u00aa<\/strong><\/p>\n\n\n\n<p>El director de Servicios P\u00fablicos, Ricardo Mart\u00ednez Garc\u00eda, dijo que cada semana se invita a los ciudadanos a que aprovechen este programa para que se deshagan de esos tiliches que ya no sirven y les est\u00e9n estorbando, lo cuales puedan convertirse en nidos de fauna nociva.<\/p>\n","protected":false},"excerpt":{"rendered":"<p>&#8211;Atenci\u00f3n vecinos de Jardines de Sacramento. &#8211; El Destilichadero se puede solicitar al tel\u00e9fono 072 o en la aplicaci\u00f3n Marca el Cambio. Ciudad de Chihuahua.- La Direcci\u00f3n de Servicios P\u00fablicos sigue implementando cada semana el programa de Destilichadero en distintas colonias, con el objetivo de apoyar a los ciudadanos a que tengan una opci\u00f3n para [&hellip;]<\/p>\n","protected":false},"author":1,"featured_media":40224,"comment_status":"closed","ping_status":"closed","sticky":false,"template":"","format":"standard","meta":{"rop_custom_images_group":[],"rop_custom_messages_group":[],"rop_publish_now":"initial","rop_publish_now_accounts":[],"rop_publish_now_history":[],"rop_publish_now_status":"pending","footnotes":""},"categories":[67],"tags":[23],"class_list":["post-40223","post","type-post","status-publish","format-standard","has-post-thumbnail","hentry","category-ciudad","tag-destacado"],"_links":{"self":[{"href":"https:\/\/notiissa.mx\/index.php?rest_route=\/wp\/v2\/posts\/40223","targetHints":{"allow":["GET"]}}],"collection":[{"href":"https:\/\/notiissa.mx\/index.php?rest_route=\/wp\/v2\/posts"}],"about":[{"href":"https:\/\/notiissa.mx\/index.php?rest_route=\/wp\/v2\/types\/post"}],"author":[{"embeddable":true,"href":"https:\/\/notiissa.mx\/index.php?rest_route=\/wp\/v2\/users\/1"}],"replies":[{"embeddable":true,"href":"https:\/\/notiissa.mx\/index.php?rest_route=%2Fwp%2Fv2%2Fcomments&post=40223"}],"version-history":[{"count":1,"href":"https:\/\/notiissa.mx\/index.php?rest_route=\/wp\/v2\/posts\/40223\/revisions"}],"predecessor-version":[{"id":40225,"href":"https:\/\/notiissa.mx\/index.php?rest_route=\/wp\/v2\/posts\/40223\/revisions\/40225"}],"wp:featuredmedia":[{"embeddable":true,"href":"https:\/\/notiissa.mx\/index.php?rest_route=\/wp\/v2\/media\/40224"}],"wp:attachment":[{"href":"https:\/\/notiissa.mx\/index.php?rest_route=%2Fwp%2Fv2%2Fmedia&parent=40223"}],"wp:term":[{"taxonomy":"category","embeddable":true,"href":"https:\/\/notiissa.mx\/index.php?rest_route=%2Fwp%2Fv2%2Fcategories&post=40223"},{"taxonomy":"post_tag","embeddable":true,"href":"https:\/\/notiissa.mx\/index.php?rest_route=%2Fwp%2Fv2%2Ftags&post=40223"}],"curies":[{"name":"wp","href":"https:\/\/api.w.org\/{rel}","templated":true}]}}