{"id":40193,"date":"2021-08-06T18:45:15","date_gmt":"2021-08-06T18:45:15","guid":{"rendered":"https:\/\/notiissa.mx\/?p=40193"},"modified":"2021-08-06T18:45:17","modified_gmt":"2021-08-06T18:45:17","slug":"anuncian-aplicacion-de-segundas-dosis-de-40-49-anos-en-chihuahua-juarez-y-parral","status":"publish","type":"post","link":"https:\/\/notiissa.mx\/?p=40193","title":{"rendered":"Anuncian aplicaci\u00f3n de segundas dosis de  40-49 a\u00f1os en Chihuahua, Ju\u00e1rez y Parral"},"content":{"rendered":"\n<p>Chihuahua.- La Secretar\u00eda de Salud inform\u00f3 que la jornada de vacunaci\u00f3n inicia el lunes en Parral, el martes en Ciudad Ju\u00e1rez y a partir del mi\u00e9rcoles en la capital, en los centros de vacunaci\u00f3n acostumbrados<\/p>\n\n\n\n<p>A partir de la semana entrante en las ciudades de Ju\u00e1rez, Chihuahua y Parral, se realizar\u00e1 la aplicaci\u00f3n de las segundas dosis de la vacuna contra COVID-19, a los grupos etarios de 40-49 a\u00f1os, anunci\u00f3 la Secretar\u00eda de Salud.<\/p>\n\n\n\n<p>Wendy \u00c1vila, subdirectora de Medicina Preventiva, inform\u00f3 que en la capital del estado ser\u00e1 del mi\u00e9rcoles 11, al viernes 13 de agosto, en los centros de vacunaci\u00f3n acostumbrados. Para Ciudad Ju\u00e1rez ser\u00e1 del martes 13 al viernes 10 de agosto.<\/p>\n\n\n\n<p>Aclar\u00f3 que esta jornada ser\u00e1 exclusivamente para la aplicaci\u00f3n de segundas dosis, por lo que quienes acudan deben llevar consigo el comprobante de la primera aplicaci\u00f3n.<\/p>\n\n\n\n<p>Leticia Ruiz, directora de Prevenci\u00f3n y Control de Enfermedades de la Secretar\u00eda de Salud, a\u00f1adi\u00f3 que en lo que corresponde a la ciudad de Parral, se aplicar\u00e1n segundas dosis para las personas de los grupos de edad de 40-49 y 30-39 a\u00f1os.<\/p>\n\n\n\n<p>Los d\u00edas lunes y martes se aplicar\u00e1 la vacuna AstraZeneca al grupo de 40-49 y durante mi\u00e9rcoles, jueves y viernes, el grupo de 30-39 ser\u00e1 inoculado con la segunda dosis de la vacuna Pfizer.<\/p>\n","protected":false},"excerpt":{"rendered":"<p>Chihuahua.- La Secretar\u00eda de Salud inform\u00f3 que la jornada de vacunaci\u00f3n inicia el lunes en Parral, el martes en Ciudad Ju\u00e1rez y a partir del mi\u00e9rcoles en la capital, en los centros de vacunaci\u00f3n acostumbrados A partir de la semana entrante en las ciudades de Ju\u00e1rez, Chihuahua y Parral, se realizar\u00e1 la aplicaci\u00f3n de las [&hellip;]<\/p>\n","protected":false},"author":1,"featured_media":40194,"comment_status":"closed","ping_status":"closed","sticky":false,"template":"","format":"standard","meta":{"rop_custom_images_group":[],"rop_custom_messages_group":[],"rop_publish_now":"initial","rop_publish_now_accounts":[],"rop_publish_now_history":[],"rop_publish_now_status":"pending","footnotes":""},"categories":[67,72,71],"tags":[23],"class_list":["post-40193","post","type-post","status-publish","format-standard","has-post-thumbnail","hentry","category-ciudad","category-estado","category-salud","tag-destacado"],"_links":{"self":[{"href":"https:\/\/notiissa.mx\/index.php?rest_route=\/wp\/v2\/posts\/40193","targetHints":{"allow":["GET"]}}],"collection":[{"href":"https:\/\/notiissa.mx\/index.php?rest_route=\/wp\/v2\/posts"}],"about":[{"href":"https:\/\/notiissa.mx\/index.php?rest_route=\/wp\/v2\/types\/post"}],"author":[{"embeddable":true,"href":"https:\/\/notiissa.mx\/index.php?rest_route=\/wp\/v2\/users\/1"}],"replies":[{"embeddable":true,"href":"https:\/\/notiissa.mx\/index.php?rest_route=%2Fwp%2Fv2%2Fcomments&post=40193"}],"version-history":[{"count":1,"href":"https:\/\/notiissa.mx\/index.php?rest_route=\/wp\/v2\/posts\/40193\/revisions"}],"predecessor-version":[{"id":40195,"href":"https:\/\/notiissa.mx\/index.php?rest_route=\/wp\/v2\/posts\/40193\/revisions\/40195"}],"wp:featuredmedia":[{"embeddable":true,"href":"https:\/\/notiissa.mx\/index.php?rest_route=\/wp\/v2\/media\/40194"}],"wp:attachment":[{"href":"https:\/\/notiissa.mx\/index.php?rest_route=%2Fwp%2Fv2%2Fmedia&parent=40193"}],"wp:term":[{"taxonomy":"category","embeddable":true,"href":"https:\/\/notiissa.mx\/index.php?rest_route=%2Fwp%2Fv2%2Fcategories&post=40193"},{"taxonomy":"post_tag","embeddable":true,"href":"https:\/\/notiissa.mx\/index.php?rest_route=%2Fwp%2Fv2%2Ftags&post=40193"}],"curies":[{"name":"wp","href":"https:\/\/api.w.org\/{rel}","templated":true}]}}