{"id":40163,"date":"2021-08-05T23:39:34","date_gmt":"2021-08-05T23:39:34","guid":{"rendered":"https:\/\/notiissa.mx\/?p=40163"},"modified":"2021-08-05T23:39:36","modified_gmt":"2021-08-05T23:39:36","slug":"conoce-las-actividades-del-municipio-por-el-mes-de-la-juventud","status":"publish","type":"post","link":"https:\/\/notiissa.mx\/?p=40163","title":{"rendered":"Conoce las actividades del Municipio por el   mes de la Juventud"},"content":{"rendered":"\n<p>Ciudad de Chihuahua.- La Direcci\u00f3n de Desarrollo Humano y Educaci\u00f3n del Municipio, realizar\u00e1 diversas actividades culturales, deportivas y art\u00edsticas para celebrar durante agosto el mes de la Juventud.<\/p>\n\n\n\n<p>Los eventos que se llevar\u00e1n a cabo a lo largo de este mes tienen como finalidad incentivar el arte, el deporte y la cultura entre las y los j\u00f3venes chihuahuenses, as\u00ed como apoyarlos en aquellas actividades que son de su inter\u00e9s y contribuyen a su desarrollo como personas.&nbsp;<\/p>\n\n\n\n<p>El programa de los eventos a los que se invita es el siguiente:&nbsp;<\/p>\n\n\n\n<p>Viernes 13 de agosto:<br>Torneo de ajedrez<br>10:00 horas<br>Centro cultural Carlos Montemayor<\/p>\n\n\n\n<p>S\u00e1bado 14 de agosto:<br>Pa\u00b4la Cantera<br>A partir de las 10:00 horas.&nbsp;<br>Evento en el cual habr\u00e1 concurso de deportes extremos, venta de art\u00edculos de emprendedores chihuahuenses y presentaci\u00f3n de bandas locales.<\/p>\n\n\n\n<p>Martes 17 al jueves 19 de agosto:<br>Feria del Empleo Joven 2021&nbsp;<br>11:00 horas.<br>V\u00eda Facebook Live.<\/p>\n\n\n\n<p>S\u00e1bado 21 de agosto:<br>Premiaci\u00f3n del concurso del grafiti: Des\u00e9rtica<br>15:00 horas<br>Plaza sendero.<\/p>\n\n\n\n<p>Lunes 23 de agosto:<br>Se dar\u00e1n a conocer a las semifinalistas de Expresa tu Talento, \u00c9poca de oro, en las redes sociales de la Direcci\u00f3n de Desarrollo Humano y Educaci\u00f3n.<\/p>\n\n\n\n<p>Domingo 29 de agosto:&nbsp;<br>Gran final de Expresa tu Talento, \u00c9poca de oro, en el Teatro de la Ciudad.<br>17:00 horas.&nbsp;<\/p>\n\n\n\n<p>A trav\u00e9s de las redes sociales de la Direcci\u00f3n de Desarrollo Humano y Educaci\u00f3n se estar\u00e1 dando a conocer informaci\u00f3n de las actividades y convocatorias a realizar este mes.&nbsp;<\/p>\n\n\n\n<p><br>El director de Desarrollo Humano y Educaci\u00f3n, Ram\u00f3n Ch\u00e1vez, se\u00f1al\u00f3 la importancia de que estos eventos dirigidos a la juventud chihuahuense se vuelvan instituciones, para que con su permanencia y continuidad ayuden al desarrollo de las y los j\u00f3venes de la ciudad.<\/p>\n\n\n\n<p>Para mayor informaci\u00f3n marcar al 072 extensi\u00f3n 6569 con atenci\u00f3n directa al Departamento de Atenci\u00f3n a la Juventud.<\/p>\n","protected":false},"excerpt":{"rendered":"<p>Ciudad de Chihuahua.- La Direcci\u00f3n de Desarrollo Humano y Educaci\u00f3n del Municipio, realizar\u00e1 diversas actividades culturales, deportivas y art\u00edsticas para celebrar durante agosto el mes de la Juventud. Los eventos que se llevar\u00e1n a cabo a lo largo de este mes tienen como finalidad incentivar el arte, el deporte y la cultura entre las y [&hellip;]<\/p>\n","protected":false},"author":1,"featured_media":40164,"comment_status":"closed","ping_status":"closed","sticky":false,"template":"","format":"standard","meta":{"rop_custom_images_group":[],"rop_custom_messages_group":[],"rop_publish_now":"initial","rop_publish_now_accounts":[],"rop_publish_now_history":[],"rop_publish_now_status":"pending","footnotes":""},"categories":[67],"tags":[23],"class_list":["post-40163","post","type-post","status-publish","format-standard","has-post-thumbnail","hentry","category-ciudad","tag-destacado"],"_links":{"self":[{"href":"https:\/\/notiissa.mx\/index.php?rest_route=\/wp\/v2\/posts\/40163","targetHints":{"allow":["GET"]}}],"collection":[{"href":"https:\/\/notiissa.mx\/index.php?rest_route=\/wp\/v2\/posts"}],"about":[{"href":"https:\/\/notiissa.mx\/index.php?rest_route=\/wp\/v2\/types\/post"}],"author":[{"embeddable":true,"href":"https:\/\/notiissa.mx\/index.php?rest_route=\/wp\/v2\/users\/1"}],"replies":[{"embeddable":true,"href":"https:\/\/notiissa.mx\/index.php?rest_route=%2Fwp%2Fv2%2Fcomments&post=40163"}],"version-history":[{"count":1,"href":"https:\/\/notiissa.mx\/index.php?rest_route=\/wp\/v2\/posts\/40163\/revisions"}],"predecessor-version":[{"id":40165,"href":"https:\/\/notiissa.mx\/index.php?rest_route=\/wp\/v2\/posts\/40163\/revisions\/40165"}],"wp:featuredmedia":[{"embeddable":true,"href":"https:\/\/notiissa.mx\/index.php?rest_route=\/wp\/v2\/media\/40164"}],"wp:attachment":[{"href":"https:\/\/notiissa.mx\/index.php?rest_route=%2Fwp%2Fv2%2Fmedia&parent=40163"}],"wp:term":[{"taxonomy":"category","embeddable":true,"href":"https:\/\/notiissa.mx\/index.php?rest_route=%2Fwp%2Fv2%2Fcategories&post=40163"},{"taxonomy":"post_tag","embeddable":true,"href":"https:\/\/notiissa.mx\/index.php?rest_route=%2Fwp%2Fv2%2Ftags&post=40163"}],"curies":[{"name":"wp","href":"https:\/\/api.w.org\/{rel}","templated":true}]}}