{"id":40153,"date":"2021-08-05T21:00:19","date_gmt":"2021-08-05T21:00:19","guid":{"rendered":"https:\/\/notiissa.mx\/?p=40153"},"modified":"2021-08-05T21:00:21","modified_gmt":"2021-08-05T21:00:21","slug":"la-inversion-extranjera-directa-en-america-latina-cayo-347-en-2020","status":"publish","type":"post","link":"https:\/\/notiissa.mx\/?p=40153","title":{"rendered":"La inversi\u00f3n extranjera directa en Am\u00e9rica Latina cay\u00f3 34,7 % en 2020"},"content":{"rendered":"\n<p>El informe de la Cepal detalla que el a\u00f1o pasado la regi\u00f3n recibi\u00f3 56.000 millones de d\u00f3lares menos que en 2019.<\/p>\n\n\n\n<p>La inversi\u00f3n extranjera directa (IED) en Am\u00e9rica Latina cay\u00f3 34,7 % en 2020, afectada por el impacto de la pandemia del coronavirus, inform\u00f3 este jueves la\u00a0Comisi\u00f3n Econ\u00f3mica para Am\u00e9rica Latina y el Caribe (Cepal).<\/p>\n\n\n\n<p>De acuerdo con la instituci\u00f3n, <strong>la regi\u00f3n recibi\u00f3 el a\u00f1o pasado\u00a0105.480 millones de d\u00f3lares de IED<\/strong>,\u00a0unos 56.000 millones de d\u00f3lares menos que en 2019; siendo el monto m\u00e1s bajo desde 2010 y\u00a051% menos que el r\u00e9cord hist\u00f3rico alcanzado en 2012.<\/p>\n\n\n\n<p>Los datos se dieron a conocer durante el lanzamiento del estudio anual de la Cepal &#8216;La Inversi\u00f3n Extranjera Directa en Am\u00e9rica Latina y el Caribe 2021&#8217;, por parte de la titular de la organizaci\u00f3n, Alicia B\u00e1rcena.<\/p>\n\n\n\n<p>El informe muestra que solo en cinco pa\u00edses aument\u00f3 la IED en 2020: Bahamas, Barbados, Ecuador, Paraguay y M\u00e9xico.<\/p>\n\n\n\n<p>Asimismo, indica que el a\u00f1o pasado&nbsp;<strong>EE.UU. aument\u00f3 su participaci\u00f3n en la IED de la regi\u00f3n<\/strong>, pasando de 27 % a 37 %; frente a la baja que experiment\u00f3 Europa, que descendi\u00f3 del 51 % al 38 %.<\/p>\n\n\n\n<h3 class=\"wp-block-heading\">Canalizar la IED<\/h3>\n\n\n\n<p>\u00abLa IED ha hecho aportes relevantes en Am\u00e9rica Latina y el Caribe, pero no hay elementos que permitan afirmar que en la \u00faltima d\u00e9cada haya contribuido a cambios significativos en la estructura productiva de la regi\u00f3n o que haya servido como catalizador para la transformaci\u00f3n del modelo de desarrollo productivo\u00bb, dijo B\u00e1rcena.<\/p>\n\n\n\n<p>La titular de la Cepal se\u00f1al\u00f3 que \u00abhoy el desaf\u00edo es mayor por las caracter\u00edsticas y la magnitud de la crisis\u00bb y que se necesita canalizar la IED \u00abhacia actividades que generen mayor productividad, innovaci\u00f3n y tecnolog\u00eda\u00bb.<\/p>\n\n\n\n<p>Desde la Cepal <strong>han&nbsp;identificado ocho sectores estrat\u00e9gicos<\/strong> para dar un gran impulso para la sostenibilidad en la regi\u00f3n, los cuales podr\u00edan verse \u00abapuntalados por la IED\u00bb.<\/p>\n\n\n\n<p>Estos ocho sectores son:\u00a0la transici\u00f3n hacia energ\u00edas renovables, la electromovilidad sostenible en ciudades, la revoluci\u00f3n digital inclusiva, la industria manufacturera de la salud, la bioeconom\u00eda, la econom\u00eda del cuidado, la econom\u00eda circular, y el turismo sostenible.<\/p>\n\n\n\n<p>RT<\/p>\n\n\n\n<p><\/p>\n","protected":false},"excerpt":{"rendered":"<p>El informe de la Cepal detalla que el a\u00f1o pasado la regi\u00f3n recibi\u00f3 56.000 millones de d\u00f3lares menos que en 2019. La inversi\u00f3n extranjera directa (IED) en Am\u00e9rica Latina cay\u00f3 34,7 % en 2020, afectada por el impacto de la pandemia del coronavirus, inform\u00f3 este jueves la\u00a0Comisi\u00f3n Econ\u00f3mica para Am\u00e9rica Latina y el Caribe (Cepal). [&hellip;]<\/p>\n","protected":false},"author":1,"featured_media":40154,"comment_status":"closed","ping_status":"closed","sticky":false,"template":"","format":"standard","meta":{"rop_custom_images_group":[],"rop_custom_messages_group":[],"rop_publish_now":"initial","rop_publish_now_accounts":[],"rop_publish_now_history":[],"rop_publish_now_status":"pending","footnotes":""},"categories":[61],"tags":[23],"class_list":["post-40153","post","type-post","status-publish","format-standard","has-post-thumbnail","hentry","category-economia","tag-destacado"],"_links":{"self":[{"href":"https:\/\/notiissa.mx\/index.php?rest_route=\/wp\/v2\/posts\/40153","targetHints":{"allow":["GET"]}}],"collection":[{"href":"https:\/\/notiissa.mx\/index.php?rest_route=\/wp\/v2\/posts"}],"about":[{"href":"https:\/\/notiissa.mx\/index.php?rest_route=\/wp\/v2\/types\/post"}],"author":[{"embeddable":true,"href":"https:\/\/notiissa.mx\/index.php?rest_route=\/wp\/v2\/users\/1"}],"replies":[{"embeddable":true,"href":"https:\/\/notiissa.mx\/index.php?rest_route=%2Fwp%2Fv2%2Fcomments&post=40153"}],"version-history":[{"count":1,"href":"https:\/\/notiissa.mx\/index.php?rest_route=\/wp\/v2\/posts\/40153\/revisions"}],"predecessor-version":[{"id":40155,"href":"https:\/\/notiissa.mx\/index.php?rest_route=\/wp\/v2\/posts\/40153\/revisions\/40155"}],"wp:featuredmedia":[{"embeddable":true,"href":"https:\/\/notiissa.mx\/index.php?rest_route=\/wp\/v2\/media\/40154"}],"wp:attachment":[{"href":"https:\/\/notiissa.mx\/index.php?rest_route=%2Fwp%2Fv2%2Fmedia&parent=40153"}],"wp:term":[{"taxonomy":"category","embeddable":true,"href":"https:\/\/notiissa.mx\/index.php?rest_route=%2Fwp%2Fv2%2Fcategories&post=40153"},{"taxonomy":"post_tag","embeddable":true,"href":"https:\/\/notiissa.mx\/index.php?rest_route=%2Fwp%2Fv2%2Ftags&post=40153"}],"curies":[{"name":"wp","href":"https:\/\/api.w.org\/{rel}","templated":true}]}}