{"id":40134,"date":"2021-08-05T18:28:14","date_gmt":"2021-08-05T18:28:14","guid":{"rendered":"https:\/\/notiissa.mx\/?p=40134"},"modified":"2021-08-05T18:36:18","modified_gmt":"2021-08-05T18:36:18","slug":"confirma-mexico-que-sera-la-sede-de-las-negociaciones-entre-el-gobierno-y-la-oposicion-venezolana","status":"publish","type":"post","link":"https:\/\/notiissa.mx\/?p=40134","title":{"rendered":"Confirma M\u00e9xico que ser\u00e1 la sede de las negociaciones entre el Gobierno y la oposici\u00f3n venezolana"},"content":{"rendered":"\n<p>\u00abS\u00ed van a llevarse a cabo esas pl\u00e1ticas\u00bb, dijo el mandatario mexicano, Andr\u00e9s Manuel L\u00f3pez Obrador.<\/p>\n\n\n\n<p>El presidente mexicano, Andr\u00e9s Manuel L\u00f3pez Obrador, confirm\u00f3 este jueves que su pa\u00eds ser\u00e1 sede del di\u00e1logo entre el Gobierno y la oposici\u00f3n venezolana.<\/p>\n\n\n\n<p>\u00ab<strong>S\u00ed van a llevarse a cabo<\/strong> esas pl\u00e1ticas.&nbsp;Y nosotros ayudamos para que nuestro pa\u00eds sea la sede de estas conversaciones\u00bb, dijo el mandatario mexicano durante su conferencia de prensa matutina.<\/p>\n\n\n\n<p>L\u00f3pez Obrador detall\u00f3&nbsp;que Noruega hab\u00eda propuesto&nbsp;a M\u00e9xico como sede para llevar a cabo estas negociaciones, lo cual fue aceptado por la canciller\u00eda mexicana.<\/p>\n\n\n\n<p>\u00ab<strong>Nosotros aceptamos<\/strong>. Lo que buscamos es que haya di\u00e1logo y acuerdos entre las partes. Son pl\u00e1ticas entre el Gobierno de Venezuela y la oposici\u00f3n. Ojal\u00e1 se logre un acuerdo\u00bb, agreg\u00f3 el mandatario mexicano.<\/p>\n\n\n\n<p>Cuando fue cuestionado si ya hab\u00eda fecha para el encuentro, L\u00f3pez Obrador prefiri\u00f3 no dar mayores detalles. Sin embargo, aunque no hay confirmaci\u00f3n oficial, las partes han adelantado&nbsp;que el di\u00e1logo ser\u00e1 en el mes de agosto.<\/p>\n\n\n\n<p>El presidente venezolano, Nicol\u00e1s Maduro, ha confirmado&nbsp;la participaci\u00f3n del oficialismo en el encuentro.<\/p>\n\n\n\n<p>Personajes emblem\u00e1ticos de la derecha venezolana, como el opositor Leopoldo L\u00f3pez, l\u00edder del partido Voluntad Popular \u2013el mismo donde milita el autoproclamado presidente encargado de Venezuela, Juan Guaid\u00f3\u2013 tambi\u00e9n ha dicho que asistir\u00e1&nbsp;al encuentro.&nbsp;&nbsp;<\/p>\n\n\n\n<p>El Gobierno venezolano pondr\u00e1 sobre la mesa el&nbsp;fin de sanciones y el reconocimiento de las instituciones que han tratado de ser deslegitimadas la oposici\u00f3n.<\/p>\n\n\n\n<p>En contraparte, la derecha venezolana buscar\u00e1 <strong>mejores condiciones para participar en los pr\u00f3ximos procesos electorales<\/strong>, incluyendo las megaelecciones de noviembre pr\u00f3ximo.&nbsp;<\/p>\n\n\n\n<p>RT<\/p>\n","protected":false},"excerpt":{"rendered":"<p>\u00abS\u00ed van a llevarse a cabo esas pl\u00e1ticas\u00bb, dijo el mandatario mexicano, Andr\u00e9s Manuel L\u00f3pez Obrador. El presidente mexicano, Andr\u00e9s Manuel L\u00f3pez Obrador, confirm\u00f3 este jueves que su pa\u00eds ser\u00e1 sede del di\u00e1logo entre el Gobierno y la oposici\u00f3n venezolana. \u00abS\u00ed van a llevarse a cabo esas pl\u00e1ticas.&nbsp;Y nosotros ayudamos para que nuestro pa\u00eds sea [&hellip;]<\/p>\n","protected":false},"author":1,"featured_media":40135,"comment_status":"closed","ping_status":"closed","sticky":false,"template":"","format":"standard","meta":{"rop_custom_images_group":[],"rop_custom_messages_group":[],"rop_publish_now":"initial","rop_publish_now_accounts":[],"rop_publish_now_history":[],"rop_publish_now_status":"pending","footnotes":""},"categories":[60],"tags":[23],"class_list":["post-40134","post","type-post","status-publish","format-standard","has-post-thumbnail","hentry","category-sonnoticia","tag-destacado"],"_links":{"self":[{"href":"https:\/\/notiissa.mx\/index.php?rest_route=\/wp\/v2\/posts\/40134","targetHints":{"allow":["GET"]}}],"collection":[{"href":"https:\/\/notiissa.mx\/index.php?rest_route=\/wp\/v2\/posts"}],"about":[{"href":"https:\/\/notiissa.mx\/index.php?rest_route=\/wp\/v2\/types\/post"}],"author":[{"embeddable":true,"href":"https:\/\/notiissa.mx\/index.php?rest_route=\/wp\/v2\/users\/1"}],"replies":[{"embeddable":true,"href":"https:\/\/notiissa.mx\/index.php?rest_route=%2Fwp%2Fv2%2Fcomments&post=40134"}],"version-history":[{"count":2,"href":"https:\/\/notiissa.mx\/index.php?rest_route=\/wp\/v2\/posts\/40134\/revisions"}],"predecessor-version":[{"id":40140,"href":"https:\/\/notiissa.mx\/index.php?rest_route=\/wp\/v2\/posts\/40134\/revisions\/40140"}],"wp:featuredmedia":[{"embeddable":true,"href":"https:\/\/notiissa.mx\/index.php?rest_route=\/wp\/v2\/media\/40135"}],"wp:attachment":[{"href":"https:\/\/notiissa.mx\/index.php?rest_route=%2Fwp%2Fv2%2Fmedia&parent=40134"}],"wp:term":[{"taxonomy":"category","embeddable":true,"href":"https:\/\/notiissa.mx\/index.php?rest_route=%2Fwp%2Fv2%2Fcategories&post=40134"},{"taxonomy":"post_tag","embeddable":true,"href":"https:\/\/notiissa.mx\/index.php?rest_route=%2Fwp%2Fv2%2Ftags&post=40134"}],"curies":[{"name":"wp","href":"https:\/\/api.w.org\/{rel}","templated":true}]}}