{"id":39892,"date":"2021-07-26T19:43:06","date_gmt":"2021-07-26T19:43:06","guid":{"rendered":"https:\/\/notiissa.mx\/?p=39892"},"modified":"2021-07-26T21:47:02","modified_gmt":"2021-07-26T21:47:02","slug":"nombran-al-centro-de-convenciones-recinto-oficial-para-la-instalacion-del-ayuntamiento-2021-2024","status":"publish","type":"post","link":"https:\/\/notiissa.mx\/?p=39892","title":{"rendered":"Realizar\u00e1n instalaci\u00f3n de Ayuntamiento 2021-2024 el pr\u00f3ximo 10 de septiembre"},"content":{"rendered":"\n<p>Ciudad de Chihuahua.- El Secretario del Ayuntamiento inform\u00f3 que la fecha correcta de la sesi\u00f3n solemne donde se realizar\u00e1 instalaci\u00f3n del H. Ayuntamiento del Municipio de Chihuahua 2021-2024, es el pr\u00f3ximo 10 de septiembre a las 19:00 horas, esto luego de un error en la misma durante la sesi\u00f3n de Cabildo de este lunes.<\/p>\n\n\n\n<p>Asimismo, coment\u00f3 que el equipo del Alcalde electo envi\u00f3 un oficio solicitando que la sesi\u00f3n se realice en la fecha antes mencionada.<\/p>\n\n\n\n<p>Adem\u00e1s, se\u00f1al\u00f3 que el pasado viernes en las sesiones previas de Regidores Coordinadores de cada fracci\u00f3n edilicia y en la General, se acord\u00f3 que la sesi\u00f3n solemne se celebre el d\u00eda 10 de septiembre para la toma de protesta de la siguiente administraci\u00f3n.<\/p>\n\n\n\n<p><\/p>\n\n\n\n<p><\/p>\n\n\n\n<p><\/p>\n\n\n\n<p><\/p>\n","protected":false},"excerpt":{"rendered":"<p>Ciudad de Chihuahua.- El Secretario del Ayuntamiento inform\u00f3 que la fecha correcta de la sesi\u00f3n solemne donde se realizar\u00e1 instalaci\u00f3n del H. Ayuntamiento del Municipio de Chihuahua 2021-2024, es el pr\u00f3ximo 10 de septiembre a las 19:00 horas, esto luego de un error en la misma durante la sesi\u00f3n de Cabildo de este lunes. Asimismo, [&hellip;]<\/p>\n","protected":false},"author":1,"featured_media":39896,"comment_status":"closed","ping_status":"closed","sticky":false,"template":"","format":"standard","meta":{"rop_custom_images_group":[],"rop_custom_messages_group":[],"rop_publish_now":"initial","rop_publish_now_accounts":[],"rop_publish_now_history":[],"rop_publish_now_status":"pending","footnotes":""},"categories":[67],"tags":[23],"class_list":["post-39892","post","type-post","status-publish","format-standard","has-post-thumbnail","hentry","category-ciudad","tag-destacado"],"_links":{"self":[{"href":"https:\/\/notiissa.mx\/index.php?rest_route=\/wp\/v2\/posts\/39892","targetHints":{"allow":["GET"]}}],"collection":[{"href":"https:\/\/notiissa.mx\/index.php?rest_route=\/wp\/v2\/posts"}],"about":[{"href":"https:\/\/notiissa.mx\/index.php?rest_route=\/wp\/v2\/types\/post"}],"author":[{"embeddable":true,"href":"https:\/\/notiissa.mx\/index.php?rest_route=\/wp\/v2\/users\/1"}],"replies":[{"embeddable":true,"href":"https:\/\/notiissa.mx\/index.php?rest_route=%2Fwp%2Fv2%2Fcomments&post=39892"}],"version-history":[{"count":2,"href":"https:\/\/notiissa.mx\/index.php?rest_route=\/wp\/v2\/posts\/39892\/revisions"}],"predecessor-version":[{"id":39897,"href":"https:\/\/notiissa.mx\/index.php?rest_route=\/wp\/v2\/posts\/39892\/revisions\/39897"}],"wp:featuredmedia":[{"embeddable":true,"href":"https:\/\/notiissa.mx\/index.php?rest_route=\/wp\/v2\/media\/39896"}],"wp:attachment":[{"href":"https:\/\/notiissa.mx\/index.php?rest_route=%2Fwp%2Fv2%2Fmedia&parent=39892"}],"wp:term":[{"taxonomy":"category","embeddable":true,"href":"https:\/\/notiissa.mx\/index.php?rest_route=%2Fwp%2Fv2%2Fcategories&post=39892"},{"taxonomy":"post_tag","embeddable":true,"href":"https:\/\/notiissa.mx\/index.php?rest_route=%2Fwp%2Fv2%2Ftags&post=39892"}],"curies":[{"name":"wp","href":"https:\/\/api.w.org\/{rel}","templated":true}]}}