{"id":39842,"date":"2021-07-24T19:54:27","date_gmt":"2021-07-24T19:54:27","guid":{"rendered":"https:\/\/notiissa.mx\/?p=39842"},"modified":"2021-07-24T19:54:30","modified_gmt":"2021-07-24T19:54:30","slug":"inicia-el-destilichadero-en-la-colonia-los-arcos","status":"publish","type":"post","link":"https:\/\/notiissa.mx\/?p=39842","title":{"rendered":"Inicia el Destilichadero en la colonia Los Arcos"},"content":{"rendered":"\n<p>Conoce las fechas <strong>para la \u00faltima semana de julio<\/strong>.<\/p>\n\n\n\n<p>Es gratuito y se lleva a cabo de 8 de la ma\u00f1ana a 3 de la tarde en cada sector.<\/p>\n\n\n\n<p>Ciudad de Chihuahua.- La Direcci\u00f3n de Servicios P\u00fablicos Municipales contin\u00faa realizando labores de Destilichadero en distintas zonas de la ciudad.<\/p>\n\n\n\n<p>Se pide a los vecinos de las colonias que se atender\u00e1n estar pendientes de las fechas para que participen y limpien a fondo sus casas<\/p>\n\n\n\n<p>El calendario de atenci\u00f3n para los pr\u00f3ximos d\u00edas es el siguiente:<\/p>\n\n\n\n<p><strong>Lunes 26 de julio<\/strong><\/p>\n\n\n\n<p>Colonias: Los Arcos, Villa del Norte, Vida Digna (cuadrante de atenci\u00f3n: Av. Prieto Luj\u00e1n \u2013 Arcos de Tarragona \u2013 Arcos de la Estrella \u2013 Romero \u2013 Hidroel\u00e9ctrica Chicoacen)<\/p>\n\n\n\n<p>Contenedor: C. Los Arcos Sur y Arco del C\u00e9sar<\/p>\n\n\n\n<p><strong>Martes 27 de julio<\/strong><\/p>\n\n\n\n<p>Colonia: 20 Aniversario (cuadrante de atenci\u00f3n: Av. Tecnol\u00f3gico \u2013 Vialidad Nogales \u2013 2 de Octubre \u2013 Miguel Sigala \u2013 Solidaridad \u2013 Frente de Col. Populares \u2013 Nuevo Triunfo \u2013 R\u00f3mulo Escobar \u2013 Lucio Caba\u00f1as)<\/p>\n\n\n\n<p>Contenedor: Genaro V\u00e1zquez y Miguel S\u00edgala<\/p>\n\n\n\n<p><strong>Jueves 29 de julio<\/strong><\/p>\n\n\n\n<p>Colonias: La Junta, Josefa Ortiz de Dom\u00ednguez (cuadrante de atenci\u00f3n: Yucat\u00e1n \u2013 Lombardo Toledano \u2013 Av. Te\u00f3filo Borunda \u2013 Av. La Junta)<\/p>\n\n\n\n<p>Contenedor: Puebla y Emilia Miller<\/p>\n\n\n\n<p><strong>Viernes 30 de julio<\/strong><\/p>\n\n\n\n<p>Colonias: M\u00e1rmol 1, 2 y 3 (cuadrante de atenci\u00f3n: Ptolomeo \u2013 Misi\u00f3n de Santa B\u00e1rbara \u2013 Perif\u00e9rico R. Almada \u2013 Av. Nueva Espa\u00f1a)<\/p>\n\n\n\n<p>Contenedor: C. Ernesto Malda (Centro Comunitario M\u00e1rmol 3)<\/p>\n\n\n\n<p>La Direcci\u00f3n de Servicios P\u00fablicos Municipales invita a los ciudadanos de dichas colonias que aprovechen para que los desechos de gran tama\u00f1o que tengan en sus hogares, que ya no sirvan, para que los lleven a los contenedores, o bien saquen al pie de la banqueta y soliciten apoyo a los Guardianes Ecol\u00f3gicos.<\/p>\n\n\n\n<p>Adem\u00e1s, se les recuerda que el servicio de Detilichadero es gratuito y se lleva a cabo de 8 de la ma\u00f1ana a 3 de la tarde en cada sector.<\/p>\n","protected":false},"excerpt":{"rendered":"<p>Conoce las fechas para la \u00faltima semana de julio. Es gratuito y se lleva a cabo de 8 de la ma\u00f1ana a 3 de la tarde en cada sector. Ciudad de Chihuahua.- La Direcci\u00f3n de Servicios P\u00fablicos Municipales contin\u00faa realizando labores de Destilichadero en distintas zonas de la ciudad. Se pide a los vecinos de [&hellip;]<\/p>\n","protected":false},"author":1,"featured_media":39843,"comment_status":"closed","ping_status":"closed","sticky":false,"template":"","format":"standard","meta":{"rop_custom_images_group":[],"rop_custom_messages_group":[],"rop_publish_now":"initial","rop_publish_now_accounts":[],"rop_publish_now_history":[],"rop_publish_now_status":"pending","footnotes":""},"categories":[67],"tags":[23],"class_list":["post-39842","post","type-post","status-publish","format-standard","has-post-thumbnail","hentry","category-ciudad","tag-destacado"],"_links":{"self":[{"href":"https:\/\/notiissa.mx\/index.php?rest_route=\/wp\/v2\/posts\/39842","targetHints":{"allow":["GET"]}}],"collection":[{"href":"https:\/\/notiissa.mx\/index.php?rest_route=\/wp\/v2\/posts"}],"about":[{"href":"https:\/\/notiissa.mx\/index.php?rest_route=\/wp\/v2\/types\/post"}],"author":[{"embeddable":true,"href":"https:\/\/notiissa.mx\/index.php?rest_route=\/wp\/v2\/users\/1"}],"replies":[{"embeddable":true,"href":"https:\/\/notiissa.mx\/index.php?rest_route=%2Fwp%2Fv2%2Fcomments&post=39842"}],"version-history":[{"count":1,"href":"https:\/\/notiissa.mx\/index.php?rest_route=\/wp\/v2\/posts\/39842\/revisions"}],"predecessor-version":[{"id":39844,"href":"https:\/\/notiissa.mx\/index.php?rest_route=\/wp\/v2\/posts\/39842\/revisions\/39844"}],"wp:featuredmedia":[{"embeddable":true,"href":"https:\/\/notiissa.mx\/index.php?rest_route=\/wp\/v2\/media\/39843"}],"wp:attachment":[{"href":"https:\/\/notiissa.mx\/index.php?rest_route=%2Fwp%2Fv2%2Fmedia&parent=39842"}],"wp:term":[{"taxonomy":"category","embeddable":true,"href":"https:\/\/notiissa.mx\/index.php?rest_route=%2Fwp%2Fv2%2Fcategories&post=39842"},{"taxonomy":"post_tag","embeddable":true,"href":"https:\/\/notiissa.mx\/index.php?rest_route=%2Fwp%2Fv2%2Ftags&post=39842"}],"curies":[{"name":"wp","href":"https:\/\/api.w.org\/{rel}","templated":true}]}}