{"id":38450,"date":"2021-06-19T19:58:55","date_gmt":"2021-06-19T19:58:55","guid":{"rendered":"https:\/\/notiissa.mx\/?p=38450"},"modified":"2021-06-19T19:58:56","modified_gmt":"2021-06-19T19:58:56","slug":"cancun-contagiados-solo-el-0-6-de-trabajadores-turisticos","status":"publish","type":"post","link":"https:\/\/notiissa.mx\/?p=38450","title":{"rendered":"Canc\u00fan: contagiados solo el 0.6% de trabajadores tur\u00edsticos"},"content":{"rendered":"\n<p>De acuerdo con los datos de la Asociaci\u00f3n de Hoteles de Canc\u00fan, Puerto Morelos e Isla Mujeres, en cabeza de Roberto Cintr\u00f3n, en la zona el contagio solo representa el 0.6% de los trabajadores tur\u00edsticos y el 0.2% entre turistas, gracias a las medidas de bioseguridad que mantiene el sector.<\/p>\n\n\n\n<p>As\u00ed mismo, con el anuncio por parte de las autoridades de federales y locales de priorizar la vacunaci\u00f3n de trabajadores del sector turismo y aunque no han anunciado la fecha de inicio, Toni Chaves, presidente de la Asociaci\u00f3n de Hoteles de la Riviera Maya, prev\u00e9 que la pr\u00f3xima semana se concrete con el Instituto Mexicano del Seguro Social (IMSS) el proceso de vacunaci\u00f3n.<\/p>\n\n\n\n<p>Por su parte, Cintr\u00f3n, se\u00f1al\u00f3 que cerca del 65% de la fuerza laboral del sector no han sido vacunados dentro de la Jornada Nacional, pues solo la han recibido las personas de 40 a\u00f1os en adelante.<\/p>\n\n\n\n<p>Como lo dijo <em>REPORTUR.mx,<\/em> ser\u00e1n m\u00e1s de 140 mil trabajadores del estado los que recibir\u00e1n la vacuna, seg\u00fan los datos de la Secretar\u00eda de Turismo. Dentro de otros detalles de la vacunaci\u00f3n para la zona, se conocen que el inicio se dar\u00e1 en Benito Ju\u00e1rez, para la poblaci\u00f3n entre los 30 y 39 a\u00f1os.<\/p>\n\n\n\n<p>El Aeropuerto Internacional de Canc\u00fan rompi\u00f3 r\u00e9cord en llegada de vuelos en lo que va del a\u00f1o, al registrar el pasado fin de semana 479 operaciones el d\u00eda s\u00e1bado y 432 el domingo lo que dio un total de 911 vuelos.<\/p>\n\n\n\n<p>Si bien la reactivaci\u00f3n de vuelos ha ido en incremento desde hace algunas semanas, se espera que para el verano, si el sem\u00e1foro se mantiene en naranja y no cae en rojo, comience la reactivaci\u00f3n de los vuelos procedentes de Canad\u00e1, y con esto el destino, recupere el turismo que llega de uno de sus principales mercados emisores.<\/p>\n\n\n\n<p>Reportur<\/p>\n","protected":false},"excerpt":{"rendered":"<p>De acuerdo con los datos de la Asociaci\u00f3n de Hoteles de Canc\u00fan, Puerto Morelos e Isla Mujeres, en cabeza de Roberto Cintr\u00f3n, en la zona el contagio solo representa el 0.6% de los trabajadores tur\u00edsticos y el 0.2% entre turistas, gracias a las medidas de bioseguridad que mantiene el sector. As\u00ed mismo, con el anuncio [&hellip;]<\/p>\n","protected":false},"author":1,"featured_media":38451,"comment_status":"closed","ping_status":"closed","sticky":false,"template":"","format":"standard","meta":{"rop_custom_images_group":[],"rop_custom_messages_group":[],"rop_publish_now":"initial","rop_publish_now_accounts":[],"rop_publish_now_history":[],"rop_publish_now_status":"pending","footnotes":""},"categories":[75,61,66],"tags":[23],"class_list":["post-38450","post","type-post","status-publish","format-standard","has-post-thumbnail","hentry","category-actualidad","category-economia","category-estilo-de-vida","tag-destacado"],"_links":{"self":[{"href":"https:\/\/notiissa.mx\/index.php?rest_route=\/wp\/v2\/posts\/38450","targetHints":{"allow":["GET"]}}],"collection":[{"href":"https:\/\/notiissa.mx\/index.php?rest_route=\/wp\/v2\/posts"}],"about":[{"href":"https:\/\/notiissa.mx\/index.php?rest_route=\/wp\/v2\/types\/post"}],"author":[{"embeddable":true,"href":"https:\/\/notiissa.mx\/index.php?rest_route=\/wp\/v2\/users\/1"}],"replies":[{"embeddable":true,"href":"https:\/\/notiissa.mx\/index.php?rest_route=%2Fwp%2Fv2%2Fcomments&post=38450"}],"version-history":[{"count":1,"href":"https:\/\/notiissa.mx\/index.php?rest_route=\/wp\/v2\/posts\/38450\/revisions"}],"predecessor-version":[{"id":38452,"href":"https:\/\/notiissa.mx\/index.php?rest_route=\/wp\/v2\/posts\/38450\/revisions\/38452"}],"wp:featuredmedia":[{"embeddable":true,"href":"https:\/\/notiissa.mx\/index.php?rest_route=\/wp\/v2\/media\/38451"}],"wp:attachment":[{"href":"https:\/\/notiissa.mx\/index.php?rest_route=%2Fwp%2Fv2%2Fmedia&parent=38450"}],"wp:term":[{"taxonomy":"category","embeddable":true,"href":"https:\/\/notiissa.mx\/index.php?rest_route=%2Fwp%2Fv2%2Fcategories&post=38450"},{"taxonomy":"post_tag","embeddable":true,"href":"https:\/\/notiissa.mx\/index.php?rest_route=%2Fwp%2Fv2%2Ftags&post=38450"}],"curies":[{"name":"wp","href":"https:\/\/api.w.org\/{rel}","templated":true}]}}