{"id":38447,"date":"2021-06-19T19:49:12","date_gmt":"2021-06-19T19:49:12","guid":{"rendered":"https:\/\/notiissa.mx\/?p=38447"},"modified":"2021-06-19T19:49:13","modified_gmt":"2021-06-19T19:49:13","slug":"inaugura-municipio-encuentro-fomac-2-muestra-de-arte-y-cultura-en-el-rejon","status":"publish","type":"post","link":"https:\/\/notiissa.mx\/?p=38447","title":{"rendered":"Inaugura Municipio \u201cEncuentro FOMAC 2\u201d muestra de arte y cultura en el  Rej\u00f3n"},"content":{"rendered":"\n<p>Ciudad de Chihuahua.- El \u201cEncuentro FOMAC 2\u201d es el resultado de cada uno de los proyectos de beneficiarios del Fondo Municipal para Artistas y Creadores mismos que estar\u00e1n proyectando en el Cine del Rej\u00f3n hasta el 2 de junio.<\/p>\n\n\n\n<p>A la inauguraci\u00f3n acudi\u00f3 la directora del Instituto de Cultura del Municipio de Chihuahua Alejandra Enr\u00edquez, quien felicit\u00f3 a participamtes por presentar el resultado de sus proyectos en esta segunda emisi\u00f3n.<\/p>\n\n\n\n<p>Como primera funci\u00f3n se cont\u00f3 con la presentaci\u00f3n musical \u201cEl int\u00e9rprete y su complejidad\u201d por la artista Edith Ram\u00edrez, quien deleito al p\u00fablico con el son de su violonchelo, adem\u00e1s agradeci\u00f3 al Gobierno Municipal por valorar, cuidar y respetar el papel del arte como parte fundamental de la sociedad.<\/p>\n\n\n\n<p>Como segunda proyecci\u00f3n se cont\u00f3 con la presentaci\u00f3n danc\u00edstica \u201cJuana In\u00e9s: Trazos sobre el sue\u00f1o\u201d por el artista Manolo Vela, quien felicit\u00f3 al Municipio por esta inventiva que genera un impacto no solo para la comunidad art\u00edstica si no para la ciudadan\u00eda.<\/p>\n\n\n\n<p>El ICM invita a seguir pendiente de la programaci\u00f3n de la Segunda Emisi\u00f3n de Encuentro FOMAC en la p\u00e1gina de Facebook del Instituto de Cultura del Municipio (ICM), as\u00ed como seguir las transmisiones en vivo de las actividades.<\/p>\n\n\n\n<p>Si decides acudir a las proyecciones totalmente gratis en el Cine del Rej\u00f3n no olvides llevar tu cubrebocas y mantener la sana distancia.<\/p>\n","protected":false},"excerpt":{"rendered":"<p>Ciudad de Chihuahua.- El \u201cEncuentro FOMAC 2\u201d es el resultado de cada uno de los proyectos de beneficiarios del Fondo Municipal para Artistas y Creadores mismos que estar\u00e1n proyectando en el Cine del Rej\u00f3n hasta el 2 de junio. A la inauguraci\u00f3n acudi\u00f3 la directora del Instituto de Cultura del Municipio de Chihuahua Alejandra Enr\u00edquez, [&hellip;]<\/p>\n","protected":false},"author":1,"featured_media":38448,"comment_status":"closed","ping_status":"closed","sticky":false,"template":"","format":"standard","meta":{"rop_custom_images_group":[],"rop_custom_messages_group":[],"rop_publish_now":"initial","rop_publish_now_accounts":[],"rop_publish_now_history":[],"rop_publish_now_status":"pending","footnotes":""},"categories":[75,73,67,62],"tags":[23],"class_list":["post-38447","post","type-post","status-publish","format-standard","has-post-thumbnail","hentry","category-actualidad","category-arte","category-ciudad","category-cultura","tag-destacado"],"_links":{"self":[{"href":"https:\/\/notiissa.mx\/index.php?rest_route=\/wp\/v2\/posts\/38447","targetHints":{"allow":["GET"]}}],"collection":[{"href":"https:\/\/notiissa.mx\/index.php?rest_route=\/wp\/v2\/posts"}],"about":[{"href":"https:\/\/notiissa.mx\/index.php?rest_route=\/wp\/v2\/types\/post"}],"author":[{"embeddable":true,"href":"https:\/\/notiissa.mx\/index.php?rest_route=\/wp\/v2\/users\/1"}],"replies":[{"embeddable":true,"href":"https:\/\/notiissa.mx\/index.php?rest_route=%2Fwp%2Fv2%2Fcomments&post=38447"}],"version-history":[{"count":1,"href":"https:\/\/notiissa.mx\/index.php?rest_route=\/wp\/v2\/posts\/38447\/revisions"}],"predecessor-version":[{"id":38449,"href":"https:\/\/notiissa.mx\/index.php?rest_route=\/wp\/v2\/posts\/38447\/revisions\/38449"}],"wp:featuredmedia":[{"embeddable":true,"href":"https:\/\/notiissa.mx\/index.php?rest_route=\/wp\/v2\/media\/38448"}],"wp:attachment":[{"href":"https:\/\/notiissa.mx\/index.php?rest_route=%2Fwp%2Fv2%2Fmedia&parent=38447"}],"wp:term":[{"taxonomy":"category","embeddable":true,"href":"https:\/\/notiissa.mx\/index.php?rest_route=%2Fwp%2Fv2%2Fcategories&post=38447"},{"taxonomy":"post_tag","embeddable":true,"href":"https:\/\/notiissa.mx\/index.php?rest_route=%2Fwp%2Fv2%2Ftags&post=38447"}],"curies":[{"name":"wp","href":"https:\/\/api.w.org\/{rel}","templated":true}]}}