{"id":38444,"date":"2021-06-18T21:14:34","date_gmt":"2021-06-18T21:14:34","guid":{"rendered":"https:\/\/notiissa.mx\/?p=38444"},"modified":"2021-06-18T21:14:36","modified_gmt":"2021-06-18T21:14:36","slug":"piden-brigadistas-a-la-poblacion-cuidar-el-bosque","status":"publish","type":"post","link":"https:\/\/notiissa.mx\/?p=38444","title":{"rendered":"Piden brigadistas a la poblaci\u00f3n cuidar el bosque"},"content":{"rendered":"\n<p><strong>Ante los incendios forestales.<\/strong><\/p>\n\n\n\n<p>Chihuahua.- Personal que se encuentra en el frente de batalla contra los incendios forestales que desde hace varios d\u00edas afectan diversas regiones de la Sierra Tarahumara, llaman a la poblaci\u00f3n a hacer conciencia de la importancia de cuidar el bosque, por todos los beneficios que ofrece.<\/p>\n\n\n\n<p>El llamado lo hicieron durante el programa especial difundido en las redes sociodigitales del Gobierno del Estado, en el que se abord\u00f3 ampliamente la problem\u00e1tica de los incendios forestales en Chihuahua.<\/p>\n\n\n\n<p>Jes\u00fas Guerrero Parada, coordinador t\u00e9cnico de la Unidad de Manejo Forestal San Juanito, explic\u00f3 que aunque el bosque es un recurso natural renovable, otorga beneficios adicionales al proveer ox\u00edgeno y agua y el aprovechamiento forestal para quienes habitan en su entorno.<\/p>\n\n\n\n<p>\u201cEs importante su conservaci\u00f3n, pedir\u00eda a la gente que tome conciencia de que no solo es el da\u00f1o al bosque, es un da\u00f1o a la comunidad lo que se genera\u201d, precis\u00f3.<\/p>\n\n\n\n<p>Agradeci\u00f3 a la gente que se ha solidarizado con quienes integran las distintas brigadas y arriesgan su vida en la l\u00ednea de combate, a quienes gracias a las aportaciones hechas, no les ha faltado agua, ni alimento.<\/p>\n\n\n\n<p>Guerrero Parada, lidera una de las unidades que Gobierno del Estado en coordinaci\u00f3n con la Comisi\u00f3n Nacional Forestal apoya con recursos para realizar acciones de prevenci\u00f3n, conservaci\u00f3n y combate a los siniestros que se registran cada a\u00f1o en la regi\u00f3n.<\/p>\n\n\n\n<p>Seg\u00fan la temporada del a\u00f1o, la Unidad de Manejo Forestal San Juanito realiza distintas acciones para conservar, restaurar y proteger el bosque.<\/p>\n\n\n\n<p>Adem\u00e1s hacen trabajo de prevenci\u00f3n para evitar incendios, mediante la capacitaci\u00f3n de las brigadas, las cuales son apoyadas con alimento y gasolina para que contin\u00faen sus actividades.<\/p>\n\n\n\n<p>Al t\u00e9rmino de la temporada de incendios se analizan las medidas de restauraci\u00f3n del bosque y se realizan obras de conservaci\u00f3n de suelo, reforestaci\u00f3n y mantenimiento.<\/p>\n\n\n\n<p>Precis\u00f3 que esta temporada ha sido at\u00edpica en comparaci\u00f3n con otros a\u00f1os, porque la sequ\u00eda ha provocado que haya mucho material esparcido, el cual sirve como combustible y hace m\u00e1s grandes los incendios.<\/p>\n\n\n\n<p>Silvia Palma Hern\u00e1ndez, t\u00e9cnico de manejo de fuego de una de las brigadas del Gobierno del Estado y Conafor, lament\u00f3 ver la devastaci\u00f3n del bosque, casas y animales quem\u00e1ndose, y gente que se queda sin nada tras el paso de un incendio.<\/p>\n\n\n\n<p>Manifest\u00f3 que hay mucha gente que vive del aprovechamiento del recurso forestal y que ahora tendr\u00e1 que buscar otro modo de subsistir.<\/p>\n\n\n\n<p>Indic\u00f3 que por su cuenta, hacen lo posible por cuidar el recurso, con distintas acciones a lo largo de los municipios de Ocampo, Carich\u00ed, Bocoyna y Guerrero.<\/p>\n\n\n\n<p>Enfatiz\u00f3 que la brigada, entre otras acciones, hace acomodos de material vegetativo para evitar que el combustible est\u00e9 regado en los terrenos, podas, abre brechas cortafuego, quemas controladas y se encarga de combatir directamente los incendios cuando llega la temporada.<\/p>\n","protected":false},"excerpt":{"rendered":"<p>Ante los incendios forestales. Chihuahua.- Personal que se encuentra en el frente de batalla contra los incendios forestales que desde hace varios d\u00edas afectan diversas regiones de la Sierra Tarahumara, llaman a la poblaci\u00f3n a hacer conciencia de la importancia de cuidar el bosque, por todos los beneficios que ofrece. El llamado lo hicieron durante [&hellip;]<\/p>\n","protected":false},"author":1,"featured_media":38445,"comment_status":"closed","ping_status":"closed","sticky":false,"template":"","format":"standard","meta":{"rop_custom_images_group":[],"rop_custom_messages_group":[],"rop_publish_now":"initial","rop_publish_now_accounts":[],"rop_publish_now_history":[],"rop_publish_now_status":"pending","footnotes":""},"categories":[67,72],"tags":[23],"class_list":["post-38444","post","type-post","status-publish","format-standard","has-post-thumbnail","hentry","category-ciudad","category-estado","tag-destacado"],"_links":{"self":[{"href":"https:\/\/notiissa.mx\/index.php?rest_route=\/wp\/v2\/posts\/38444","targetHints":{"allow":["GET"]}}],"collection":[{"href":"https:\/\/notiissa.mx\/index.php?rest_route=\/wp\/v2\/posts"}],"about":[{"href":"https:\/\/notiissa.mx\/index.php?rest_route=\/wp\/v2\/types\/post"}],"author":[{"embeddable":true,"href":"https:\/\/notiissa.mx\/index.php?rest_route=\/wp\/v2\/users\/1"}],"replies":[{"embeddable":true,"href":"https:\/\/notiissa.mx\/index.php?rest_route=%2Fwp%2Fv2%2Fcomments&post=38444"}],"version-history":[{"count":1,"href":"https:\/\/notiissa.mx\/index.php?rest_route=\/wp\/v2\/posts\/38444\/revisions"}],"predecessor-version":[{"id":38446,"href":"https:\/\/notiissa.mx\/index.php?rest_route=\/wp\/v2\/posts\/38444\/revisions\/38446"}],"wp:featuredmedia":[{"embeddable":true,"href":"https:\/\/notiissa.mx\/index.php?rest_route=\/wp\/v2\/media\/38445"}],"wp:attachment":[{"href":"https:\/\/notiissa.mx\/index.php?rest_route=%2Fwp%2Fv2%2Fmedia&parent=38444"}],"wp:term":[{"taxonomy":"category","embeddable":true,"href":"https:\/\/notiissa.mx\/index.php?rest_route=%2Fwp%2Fv2%2Fcategories&post=38444"},{"taxonomy":"post_tag","embeddable":true,"href":"https:\/\/notiissa.mx\/index.php?rest_route=%2Fwp%2Fv2%2Ftags&post=38444"}],"curies":[{"name":"wp","href":"https:\/\/api.w.org\/{rel}","templated":true}]}}