{"id":3801,"date":"2015-07-18T03:03:12","date_gmt":"2015-07-18T03:03:12","guid":{"rendered":"http:\/\/notiissa.mx\/?p=3801"},"modified":"2015-07-18T03:03:12","modified_gmt":"2015-07-18T03:03:12","slug":"organiza-ichicult-cursos-de-verano-infantiles","status":"publish","type":"post","link":"https:\/\/notiissa.mx\/?p=3801","title":{"rendered":"Organiza ICHICULT cursos de verano infantiles"},"content":{"rendered":"<p id=\"yui_3_16_0_1_1437186932821_8614\" class=\"yiv3153872185MsoNormal\" align=\"center\"><span id=\"yui_3_16_0_1_1437186932821_8613\" lang=\"ES\">Contin\u00faan las inscripciones abiertas de cursos de verano para ni\u00f1os de 5 a 16 a\u00f1os. <\/span><\/p>\n<p id=\"yui_3_16_0_1_1437186932821_8756\" class=\"yiv3153872185MsoNormal\" style=\"text-align: justify;\"><span id=\"yui_3_16_0_1_1437186932821_8755\" lang=\"ES\">Las actividades de aprendizaje y recreaci\u00f3n que el Instituto Chihuahuense de la Cultura Infantil ofrece este verano en sus m\u00faltiples talleres del \u201cJard\u00edn Secreto\u201d, contin\u00faan su curso con ni\u00f1os de todas las edades proyectando grandes resultados hasta el d\u00eda de hoy.<\/span><\/p>\n<p id=\"yui_3_16_0_1_1437186932821_8758\" class=\"yiv3153872185MsoNormal\" style=\"text-align: justify;\"><span id=\"yui_3_16_0_1_1437186932821_8757\" lang=\"ES\">Como muestra de ello los inscritos al taller de Peque\u00f1os Creadores a lo largo de la semana han elaborado piezas con distintas t\u00e9cnicas de dibujo, bas\u00e1ndose en el arte paisajista del mexicano Jos\u00e9 Mar\u00eda Velasco, as\u00ed como t\u00e9cnicas tridimensionales y libres en donde los peque\u00f1os han mostrado grandes expresiones art\u00edsticas. <\/span><\/p>\n<p id=\"yui_3_16_0_1_1437186932821_8761\" class=\"yiv3153872185MsoNormal\" style=\"text-align: justify;\"><span id=\"yui_3_16_0_1_1437186932821_8760\" lang=\"ES\">Peque\u00f1os Creadores (pl\u00e1sticas) es uno de los m\u00faltiples talleres que el ICHICULT Infantil imparte, as\u00ed como Laboratorio de Movimiento (expresi\u00f3n corporal), Iniciaci\u00f3n al Juego-Teatro F\u00edsico (teatro), Titiriteros (teatro\/pl\u00e1sticas), Iniciaci\u00f3n Musical (m\u00fasica) y Dramaturgia Infantil (pl\u00e1sticas\/teatro).<\/span><\/p>\n<p id=\"yui_3_16_0_1_1437186932821_8764\" class=\"yiv3153872185MsoNormal\"><span id=\"yui_3_16_0_1_1437186932821_8763\" lang=\"ES\">Cada taller del \u201cJard\u00edn Secreto\u201d tiene una misi\u00f3n y m\u00e1s que nada se centra en lograr en los ni\u00f1os un desenvolvimiento que les permita expandir su mente, su lenguaje corporal y literario, su imaginaci\u00f3n y por supuesto, el talento musical fortaleciendo de esta manera su personalidad con la base del arte y la cultura. <\/span><\/p>\n<p id=\"yui_3_16_0_1_1437186932821_8786\" class=\"yiv3153872185MsoNormal\"><span id=\"yui_3_16_0_1_1437186932821_8785\" lang=\"ES\">La primera etapa de los talleres finalizar\u00e1 el viernes 24 de julio, sin embargo aun se encuetra abierta la inscripci\u00f3n para la semana que comprende del 20 al 24 de este mes, con un costo de recuperaci\u00f3n de $100.00 pesos por cada uno de los talleres. <\/span><\/p>\n<p id=\"yui_3_16_0_1_1437186932821_8766\" class=\"yiv3153872185MsoNormal\" style=\"text-align: justify;\"><span id=\"yui_3_16_0_1_1437186932821_8765\" lang=\"ES\">El 27 de julio dar\u00e1 inicio la segunda jornada con talleres de Danza para Verano (danza), Titiriteros (teatro\/pl\u00e1sticas), Pintando Historias (pintura), Multidisciplinario, Alebrijes (pl\u00e1sticas), Cuentos Improvisados (fomento a la lectura\/teatro) y la continuaci\u00f3n del Curso de Oratoria; los cuales tambi\u00e9n tendr\u00e1n un costo de recuperaci\u00f3n de $100.00 pesos cada taller por una semana o bien, $200.00 pesos por ambas. <\/span><\/p>\n<p id=\"yui_3_16_0_1_1437186932821_8788\" class=\"yiv3153872185MsoNormal\"><span lang=\"ES-MX\">Mayores Informes: <\/span><\/p>\n<p id=\"yui_3_16_0_1_1437186932821_8794\" class=\"yiv3153872185MsoNormal\"><span id=\"yui_3_16_0_1_1437186932821_8793\" lang=\"ES-MX\">ICHICULT Infantil (antes Alas y Ra\u00edces) <\/span><\/p>\n<p id=\"yui_3_16_0_1_1437186932821_8769\" class=\"yiv3153872185MsoNormal\"><span id=\"yui_3_16_0_1_1437186932821_8768\" lang=\"ES-MX\">(614) 214-4800 ext. 233 y 234<\/span><\/p>\n","protected":false},"excerpt":{"rendered":"<p>Contin\u00faan las inscripciones abiertas de cursos de verano para ni\u00f1os de 5 a 16 a\u00f1os. Las actividades de aprendizaje y recreaci\u00f3n que el Instituto Chihuahuense de la Cultura Infantil ofrece este verano en sus m\u00faltiples talleres del \u201cJard\u00edn Secreto\u201d, contin\u00faan su curso con ni\u00f1os de todas las edades proyectando grandes resultados hasta el d\u00eda de [&hellip;]<\/p>\n","protected":false},"author":1,"featured_media":3802,"comment_status":"open","ping_status":"open","sticky":false,"template":"","format":"standard","meta":{"rop_custom_images_group":[],"rop_custom_messages_group":[],"rop_publish_now":"initial","rop_publish_now_accounts":[],"rop_publish_now_history":[],"rop_publish_now_status":"pending","footnotes":""},"categories":[73],"tags":[23],"class_list":["post-3801","post","type-post","status-publish","format-standard","has-post-thumbnail","hentry","category-arte","tag-destacado"],"_links":{"self":[{"href":"https:\/\/notiissa.mx\/index.php?rest_route=\/wp\/v2\/posts\/3801","targetHints":{"allow":["GET"]}}],"collection":[{"href":"https:\/\/notiissa.mx\/index.php?rest_route=\/wp\/v2\/posts"}],"about":[{"href":"https:\/\/notiissa.mx\/index.php?rest_route=\/wp\/v2\/types\/post"}],"author":[{"embeddable":true,"href":"https:\/\/notiissa.mx\/index.php?rest_route=\/wp\/v2\/users\/1"}],"replies":[{"embeddable":true,"href":"https:\/\/notiissa.mx\/index.php?rest_route=%2Fwp%2Fv2%2Fcomments&post=3801"}],"version-history":[{"count":1,"href":"https:\/\/notiissa.mx\/index.php?rest_route=\/wp\/v2\/posts\/3801\/revisions"}],"predecessor-version":[{"id":3803,"href":"https:\/\/notiissa.mx\/index.php?rest_route=\/wp\/v2\/posts\/3801\/revisions\/3803"}],"wp:featuredmedia":[{"embeddable":true,"href":"https:\/\/notiissa.mx\/index.php?rest_route=\/wp\/v2\/media\/3802"}],"wp:attachment":[{"href":"https:\/\/notiissa.mx\/index.php?rest_route=%2Fwp%2Fv2%2Fmedia&parent=3801"}],"wp:term":[{"taxonomy":"category","embeddable":true,"href":"https:\/\/notiissa.mx\/index.php?rest_route=%2Fwp%2Fv2%2Fcategories&post=3801"},{"taxonomy":"post_tag","embeddable":true,"href":"https:\/\/notiissa.mx\/index.php?rest_route=%2Fwp%2Fv2%2Ftags&post=3801"}],"curies":[{"name":"wp","href":"https:\/\/api.w.org\/{rel}","templated":true}]}}