{"id":3648,"date":"2015-07-12T20:38:27","date_gmt":"2015-07-12T20:38:27","guid":{"rendered":"http:\/\/notiissa.mx\/?p=3648"},"modified":"2015-07-12T20:38:27","modified_gmt":"2015-07-12T20:38:27","slug":"estres-enemigo-de-la-salud-y-la-innovacion","status":"publish","type":"post","link":"https:\/\/notiissa.mx\/?p=3648","title":{"rendered":"Estr\u00e9s: enemigo de la salud y la innovaci\u00f3n"},"content":{"rendered":"<p style=\"text-align: justify;\">Seg\u00fan las estad\u00edsticas, M\u00e9xico es uno de los pa\u00edses con mayor tasa de estr\u00e9s laboral en el mundo, con un 75% de trabajadores afectados, \u00e9sta problem\u00e1tica ocasiona p\u00e9rdidas anuales de m\u00e1s de 150 mil millones de d\u00f3lares, una vez que el ausentismo e incapacidad debido a enfermedades, provocan una baja productividad dentro del \u00e1mbito laboral.<\/p>\n<p style=\"text-align: justify;\">Principalmente, este tipo de estr\u00e9s aparece cuando las exigencias en torno al trabajador superan la capacidad misma, los s\u00edntomas m\u00e1s evidentes se manifiestan con irritabilidad, depresi\u00f3n moment\u00e1nea, agotamiento mental y desgaste f\u00edsico. Por consecuencia, existe una reducci\u00f3n de la productividad laboral empresarial y un descenso de la calidad de atenci\u00f3n de quienes est\u00e1n encargados en brindar servicios a la ciudadan\u00eda. Un ejemplo cl\u00e1sico de estr\u00e9s laboral es el s\u00edndrome de \u201cBurnout\u201d, que suele darse en aquellos puestos de trabajo relacionados con atenci\u00f3n directa al p\u00fablico. Este tipo de puestos, van acompa\u00f1ados de una sobrecarga laboral, lo que genera una situaci\u00f3n de estr\u00e9s permanente y acumulativo en el empleado. Finalmente el trabajador pierde toda motivaci\u00f3n y se produce una din\u00e1mica mental negativa que le hace percibir cada nueva jornada laboral como interminable.<\/p>\n<p style=\"text-align: justify;\">Para contrarrestar los efectos negativos del estr\u00e9s laboral, es necesario fomentar la motivaci\u00f3n, extender los beneficios del trabajo y establecer un balance completo de las emociones utilizadas en la vida diaria.<\/p>\n","protected":false},"excerpt":{"rendered":"<p>Seg\u00fan las estad\u00edsticas, M\u00e9xico es uno de los pa\u00edses con mayor tasa de estr\u00e9s laboral en el mundo, con un 75% de trabajadores afectados, \u00e9sta problem\u00e1tica ocasiona p\u00e9rdidas anuales de m\u00e1s de 150 mil millones de d\u00f3lares, una vez que el ausentismo e incapacidad debido a enfermedades, provocan una baja productividad dentro del \u00e1mbito laboral. [&hellip;]<\/p>\n","protected":false},"author":1,"featured_media":3649,"comment_status":"open","ping_status":"open","sticky":false,"template":"","format":"standard","meta":{"rop_custom_images_group":[],"rop_custom_messages_group":[],"rop_publish_now":"initial","rop_publish_now_accounts":[],"rop_publish_now_history":[],"rop_publish_now_status":"pending","footnotes":""},"categories":[66],"tags":[],"class_list":["post-3648","post","type-post","status-publish","format-standard","has-post-thumbnail","hentry","category-estilo-de-vida"],"_links":{"self":[{"href":"https:\/\/notiissa.mx\/index.php?rest_route=\/wp\/v2\/posts\/3648","targetHints":{"allow":["GET"]}}],"collection":[{"href":"https:\/\/notiissa.mx\/index.php?rest_route=\/wp\/v2\/posts"}],"about":[{"href":"https:\/\/notiissa.mx\/index.php?rest_route=\/wp\/v2\/types\/post"}],"author":[{"embeddable":true,"href":"https:\/\/notiissa.mx\/index.php?rest_route=\/wp\/v2\/users\/1"}],"replies":[{"embeddable":true,"href":"https:\/\/notiissa.mx\/index.php?rest_route=%2Fwp%2Fv2%2Fcomments&post=3648"}],"version-history":[{"count":1,"href":"https:\/\/notiissa.mx\/index.php?rest_route=\/wp\/v2\/posts\/3648\/revisions"}],"predecessor-version":[{"id":3650,"href":"https:\/\/notiissa.mx\/index.php?rest_route=\/wp\/v2\/posts\/3648\/revisions\/3650"}],"wp:featuredmedia":[{"embeddable":true,"href":"https:\/\/notiissa.mx\/index.php?rest_route=\/wp\/v2\/media\/3649"}],"wp:attachment":[{"href":"https:\/\/notiissa.mx\/index.php?rest_route=%2Fwp%2Fv2%2Fmedia&parent=3648"}],"wp:term":[{"taxonomy":"category","embeddable":true,"href":"https:\/\/notiissa.mx\/index.php?rest_route=%2Fwp%2Fv2%2Fcategories&post=3648"},{"taxonomy":"post_tag","embeddable":true,"href":"https:\/\/notiissa.mx\/index.php?rest_route=%2Fwp%2Fv2%2Ftags&post=3648"}],"curies":[{"name":"wp","href":"https:\/\/api.w.org\/{rel}","templated":true}]}}