{"id":3627,"date":"2015-07-12T15:39:07","date_gmt":"2015-07-12T15:39:07","guid":{"rendered":"http:\/\/notiissa.mx\/?p=3627"},"modified":"2015-07-12T15:39:07","modified_gmt":"2015-07-12T15:39:07","slug":"gana-paola-diaz-plata-en-triatlon","status":"publish","type":"post","link":"https:\/\/notiissa.mx\/?p=3627","title":{"rendered":"Gana Paola D\u00edaz plata en triatl\u00f3n"},"content":{"rendered":"<p style=\"text-align: justify;\">\u00abEs incre\u00edble iniciar as\u00ed, voy paso a paso porque quiero clasificar a R\u00edo, a mis primeros Juegos Ol\u00edmpicos\u00bb, dice la mexicana.<\/p>\n<p style=\"text-align: justify;\">La mexicana Paola D\u00edaz dijo que<strong> la medalla de plata conseguida este s\u00e1bado en la prueba de triatl\u00f3n<\/strong>, adem\u00e1s ser hist\u00f3rica para su deporte, la consigui\u00f3 con base en el esfuerzo y no dejar que las rivales la vencieran.<\/p>\n<p style=\"text-align: justify;\">Indic\u00f3 que a pesar de haber llegado en segundo sitio, \u201c<strong>es como si fuera de oro<\/strong>, por todo lo que he pasado en este a\u00f1o de muchos altibajos. Se la dedico a mi entrenador y a mi familia\u201d.<\/p>\n<p style=\"text-align: justify;\">Expuso que las horas de <strong>entrenamiento en su natal Jalisco<\/strong> han valido la pena y est\u00e1 motivada en ir por la clasificaci\u00f3n ol\u00edmpica.\u00a0 La chilena B\u00e1rbara Riberos se qued\u00f3 con la medalla de oro.<\/p>\n<p style=\"text-align: justify;\">\u201cEs incre\u00edble iniciar as\u00ed, voy paso a paso porque <strong>quiero clasificar a R\u00edo a mis primeros Juegos Ol\u00edmpicos,<\/strong> y esto es un gran avance para m\u00ed; me da mucha confianza\u201d, expres\u00f3.<\/p>\n<p style=\"text-align: justify;\">D\u00edaz, de 23 a\u00f1os de edad y ocho en el triatl\u00f3n, asegur\u00f3 que lo hecho este d\u00eda en los<strong> Juegos Panamericanos Toronto 2015<\/strong> fue algo impresionante, a pesar de que la l\u00edder del equipo,<strong> Claudia Rivas<\/strong>, no tuvo mejor suerte para pelear por el podio.<\/p>\n<p>\u201cSab\u00edamos que esto pasar\u00eda porque esto hab\u00edamos trabajado, no puedo dejar de lado eso, <strong>siempre trabajando en equipo<\/strong>, las tres somos muy fuertes y cada una hizo lo necesario para esto\u201d, expuso.<\/p>\n<p>Destac\u00f3 que desde que sali\u00f3 de la <strong>Villa Panamericana,<\/strong> siempre crey\u00f3 en la posibilidad de estar en el podio, \u201cquer\u00eda hacerlo, sab\u00eda que si se pod\u00eda y habr\u00eda que luchar para conseguirlo. Esto es un logro muy grande\u201d.<\/p>\n<p style=\"text-align: justify;\">D\u00edaz indic\u00f3 que el esfuerzo realizado en las tres etapas de la competencia vali\u00f3 la pena y ahora se debe descansar para seguir con la preparaci\u00f3n de cara a las dem\u00e1s competencias, porque \u201cesto no termina aqu\u00ed, <strong>es parte de todo un proceso<\/strong> que se debe terminar con los Juegos Ol\u00edmpicos\u201d.<\/p>\n<p style=\"text-align: justify;\">\u201cFue una medalla que consegu\u00ed<strong> con mucho coraz\u00f3n<\/strong>, estoy muy emocionada por esto. Quiero agradecer a mis compa\u00f1eras por esto\u201d, dijo.<\/p>\n<p>Fuente: Notimex. Lorenzo Rodr\u00edguez Blancas<\/p>\n","protected":false},"excerpt":{"rendered":"<p>\u00abEs incre\u00edble iniciar as\u00ed, voy paso a paso porque quiero clasificar a R\u00edo, a mis primeros Juegos Ol\u00edmpicos\u00bb, dice la mexicana. La mexicana Paola D\u00edaz dijo que la medalla de plata conseguida este s\u00e1bado en la prueba de triatl\u00f3n, adem\u00e1s ser hist\u00f3rica para su deporte, la consigui\u00f3 con base en el esfuerzo y no dejar [&hellip;]<\/p>\n","protected":false},"author":1,"featured_media":3628,"comment_status":"open","ping_status":"open","sticky":false,"template":"","format":"standard","meta":{"rop_custom_images_group":[],"rop_custom_messages_group":[],"rop_publish_now":"initial","rop_publish_now_accounts":[],"rop_publish_now_history":[],"rop_publish_now_status":"pending","footnotes":""},"categories":[70],"tags":[],"class_list":["post-3627","post","type-post","status-publish","format-standard","has-post-thumbnail","hentry","category-espectaculos"],"_links":{"self":[{"href":"https:\/\/notiissa.mx\/index.php?rest_route=\/wp\/v2\/posts\/3627","targetHints":{"allow":["GET"]}}],"collection":[{"href":"https:\/\/notiissa.mx\/index.php?rest_route=\/wp\/v2\/posts"}],"about":[{"href":"https:\/\/notiissa.mx\/index.php?rest_route=\/wp\/v2\/types\/post"}],"author":[{"embeddable":true,"href":"https:\/\/notiissa.mx\/index.php?rest_route=\/wp\/v2\/users\/1"}],"replies":[{"embeddable":true,"href":"https:\/\/notiissa.mx\/index.php?rest_route=%2Fwp%2Fv2%2Fcomments&post=3627"}],"version-history":[{"count":1,"href":"https:\/\/notiissa.mx\/index.php?rest_route=\/wp\/v2\/posts\/3627\/revisions"}],"predecessor-version":[{"id":3629,"href":"https:\/\/notiissa.mx\/index.php?rest_route=\/wp\/v2\/posts\/3627\/revisions\/3629"}],"wp:featuredmedia":[{"embeddable":true,"href":"https:\/\/notiissa.mx\/index.php?rest_route=\/wp\/v2\/media\/3628"}],"wp:attachment":[{"href":"https:\/\/notiissa.mx\/index.php?rest_route=%2Fwp%2Fv2%2Fmedia&parent=3627"}],"wp:term":[{"taxonomy":"category","embeddable":true,"href":"https:\/\/notiissa.mx\/index.php?rest_route=%2Fwp%2Fv2%2Fcategories&post=3627"},{"taxonomy":"post_tag","embeddable":true,"href":"https:\/\/notiissa.mx\/index.php?rest_route=%2Fwp%2Fv2%2Ftags&post=3627"}],"curies":[{"name":"wp","href":"https:\/\/api.w.org\/{rel}","templated":true}]}}