{"id":36050,"date":"2021-04-08T16:07:52","date_gmt":"2021-04-08T16:07:52","guid":{"rendered":"http:\/\/notiissa.mx\/?p=36050"},"modified":"2021-04-08T16:07:53","modified_gmt":"2021-04-08T16:07:53","slug":"cancun-tercera-ola-de-covid-dispara-las-alarmas-turisticas","status":"publish","type":"post","link":"https:\/\/notiissa.mx\/?p=36050","title":{"rendered":"Canc\u00fan: tercera ola de covid dispara las alarmas tur\u00edsticas"},"content":{"rendered":"\n<p>M\u00e9xico.- Pese a las alertas del Gobierno y a las clausuras que se han hecho de  fiestas y eventos clandestinos, as\u00ed como las restricciones impuestas en  algunos hoteles en cuanto a capacidad, la gente ha hecho caso omiso a  estas, y pareciera que en Quintana Roo, en especial en Tulum y Canc\u00fan,  no existiera la pandemia.<\/p>\n\n\n\n<p>Ante estos eventos, los cuales la autoridad no ha podido poner orden,\n los hoteleros y servidores de servicios tur\u00edsticos en general, \nmanifiestan su preocupaci\u00f3n por una tercera ola de Covid-19, lo cual \ntraer\u00e1 de nuevo retroceso de sem\u00e1foro, lo que implica mayores \nrestricciones.<\/p>\n\n\n\n<p>La baja en la hoteler\u00eda ya se ha empezado a sentir, porque adem\u00e1s del\n riesgo que se vislumbra en Canc\u00fan y Tulum en cuanto a contagios, el \nturismo extranjero esta poniendo la mirada en otros destinos, que \nmantienen un seguro para el turismo, y no cobran impuestos.<\/p>\n\n\n\n<p>Vienen varios eventos importantes, sin embargo el que ya est\u00e1 en \npuerta es la Cumbre Mundial del Consejo Mundial de Viajes y Turismo \n(WTTC), que est\u00e1 programada&nbsp;para llevarse a cabo del 25 al 27 de abril.<\/p>\n\n\n\n<p>Si bien la maestra Gloria Guevara, presidenta y CEO del WTTC, tiene \ntodo el respaldo y apoyo del gobierno del estado al frente de Carlos \nJoaqu\u00edn Gonz\u00e1lez, de realizarse este evento ser\u00e1 la prueba de fuego para\n el sector, pues ser\u00e1 el primer evento presencial que congregar\u00e1 a una \ngran cantidad de personas (600 delegados de acuerdo a los \norganizadores).<\/p>\n\n\n\n<p>Por este evento los locales acusan de doble moral al Gobierno, pues \nmientras mantienen restricciones por ocupaci\u00f3n y no permiten eventos \nmasivos, preparan con bombo y platillo lo que han llamado algunos el \nevento del a\u00f1o, con el cual conf\u00edan que se comenzar\u00e1 a dar la \nreactivaci\u00f3n del destino.<\/p>\n\n\n\n<p>Durante la Cumbre del WTTC como adelant\u00f3 <em>REPORTUR.mx <\/em>se estar\u00e1n analizando cuatro principios para la recuperaci\u00f3n del turismo.<\/p>\n","protected":false},"excerpt":{"rendered":"<p>M\u00e9xico.- Pese a las alertas del Gobierno y a las clausuras que se han hecho de fiestas y eventos clandestinos, as\u00ed como las restricciones impuestas en algunos hoteles en cuanto a capacidad, la gente ha hecho caso omiso a estas, y pareciera que en Quintana Roo, en especial en Tulum y Canc\u00fan, no existiera la [&hellip;]<\/p>\n","protected":false},"author":1,"featured_media":36051,"comment_status":"closed","ping_status":"closed","sticky":false,"template":"","format":"standard","meta":{"rop_custom_images_group":[],"rop_custom_messages_group":[],"rop_publish_now":"initial","rop_publish_now_accounts":[],"rop_publish_now_history":[],"rop_publish_now_status":"pending","footnotes":""},"categories":[75,61,71],"tags":[],"class_list":["post-36050","post","type-post","status-publish","format-standard","has-post-thumbnail","hentry","category-actualidad","category-economia","category-salud"],"_links":{"self":[{"href":"https:\/\/notiissa.mx\/index.php?rest_route=\/wp\/v2\/posts\/36050","targetHints":{"allow":["GET"]}}],"collection":[{"href":"https:\/\/notiissa.mx\/index.php?rest_route=\/wp\/v2\/posts"}],"about":[{"href":"https:\/\/notiissa.mx\/index.php?rest_route=\/wp\/v2\/types\/post"}],"author":[{"embeddable":true,"href":"https:\/\/notiissa.mx\/index.php?rest_route=\/wp\/v2\/users\/1"}],"replies":[{"embeddable":true,"href":"https:\/\/notiissa.mx\/index.php?rest_route=%2Fwp%2Fv2%2Fcomments&post=36050"}],"version-history":[{"count":1,"href":"https:\/\/notiissa.mx\/index.php?rest_route=\/wp\/v2\/posts\/36050\/revisions"}],"predecessor-version":[{"id":36052,"href":"https:\/\/notiissa.mx\/index.php?rest_route=\/wp\/v2\/posts\/36050\/revisions\/36052"}],"wp:featuredmedia":[{"embeddable":true,"href":"https:\/\/notiissa.mx\/index.php?rest_route=\/wp\/v2\/media\/36051"}],"wp:attachment":[{"href":"https:\/\/notiissa.mx\/index.php?rest_route=%2Fwp%2Fv2%2Fmedia&parent=36050"}],"wp:term":[{"taxonomy":"category","embeddable":true,"href":"https:\/\/notiissa.mx\/index.php?rest_route=%2Fwp%2Fv2%2Fcategories&post=36050"},{"taxonomy":"post_tag","embeddable":true,"href":"https:\/\/notiissa.mx\/index.php?rest_route=%2Fwp%2Fv2%2Ftags&post=36050"}],"curies":[{"name":"wp","href":"https:\/\/api.w.org\/{rel}","templated":true}]}}