{"id":36047,"date":"2021-04-08T16:03:01","date_gmt":"2021-04-08T16:03:01","guid":{"rendered":"http:\/\/notiissa.mx\/?p=36047"},"modified":"2021-04-08T16:03:02","modified_gmt":"2021-04-08T16:03:02","slug":"la-vacunacion-obligatoria-es-necesaria-en-una-sociedad-democratica","status":"publish","type":"post","link":"https:\/\/notiissa.mx\/?p=36047","title":{"rendered":"\u00abLa vacunaci\u00f3n obligatoria es \u00abnecesaria en una sociedad democr\u00e1tica\u00bb"},"content":{"rendered":"\n<p>Dictamina El Tribunal Europeo de Derechos Humanos.        <\/p>\n\n\n\n<p> Este fallo ha sido considerado hist\u00f3rico, ya que es la primera vez que  el TEDH se pronuncia sobre la vacunaci\u00f3n obligatoria contra las  enfermedades infantiles.    <\/p>\n\n\n\n<p> Las vacunas infantiles obligatorias son \u00abnecesarias en las sociedades  democr\u00e1ticas\u00bb y todo ni\u00f1o tiene que estar protegido. As\u00ed lo dictamin\u00f3  este 8 de abril el Tribunal Europeo de Derechos Humanos (TEDH) en  respuesta a una denuncia presentada en Rep\u00fablica Checa. El caso fue  llevado a los tribunales por varios padres de familia del pa\u00eds  centroeuropeo que\u00a0hab\u00edan sido multados o a cuyos hijos se les hab\u00eda  negado el acceso a una guarder\u00eda por no tener las vacunas obligatorias  infantiles, informa Deutsche Welle. <\/p>\n\n\n\n<p>Estas  personas alegaban que su derecho al respeto a la vida privada estaba  siendo violentado, pero el tribunal desestim\u00f3 sus demandas. En tanto en  Rep\u00fablica Checa existe la obligaci\u00f3n legal de vacunar a los menores  contra nueve enfermedades (difteria, t\u00e9tano, tos ferina, hepatitis B y  sarampi\u00f3n, entre otras), el TEDH determin\u00f3 que estas pol\u00edticas de salud  eran coherentes con los intereses y el bienestar de los ni\u00f1os.<\/p>\n\n\n\n<p>\u00abEl  objetivo tiene que ser que todo ni\u00f1o est\u00e9 protegido contra enfermedades  graves, mediante la vacunaci\u00f3n o en virtud de la inmunidad colectiva\u00bb,  puntualiz\u00f3\u00a0la Justicia europea.<\/p>\n\n\n\n<h3 class=\"wp-block-heading\">Sentencia hist\u00f3rica<\/h3>\n\n\n\n<p>Este fallo ha sido considerado hist\u00f3rico,\n ya que es la primera vez que el TEDH se pronuncia sobre la vacunaci\u00f3n \nobligatoria contra las enfermedades infantiles. Y aunque no se refiere \ndirectamente a las vacunas contra el covid-19, los expertos creen que \npodr\u00eda tener implicaciones para las pr\u00f3ximas campa\u00f1as de vacunaci\u00f3n \ncontra el virus y en los esfuerzos para poner fin a la pandemia. Esta \nsentencia&nbsp;podr\u00eda \u00abreforzar la posibilidad de una vacunaci\u00f3n obligatoria \nen las condiciones de la actual epidemia\u00bb, asegura&nbsp;Nicolas Hervieu, \nexperto legal en temas de la Corte Europea de Derechos Humanos.<\/p>\n\n\n\n<p>Los  pa\u00edses de Europa han sufrido una ola de desinformaci\u00f3n sobre el tema de  las vacunas y la pandemia que ha provocado escepticismo entre ciertos  sectores de la poblaci\u00f3n. Muchas personas niegan la existencia del  virus, mientras que otros\u00a0rechazan que ellos o sus familias sean  vacunados. En este contexto, la decisi\u00f3n del TEDH ha sentado un  precedente de que las vacunas obligatorias no contravienen la Convenci\u00f3n  Europea de Derechos Humanos.<\/p>\n\n\n\n<p>RT<\/p>\n\n\n\n<p>       <\/p>\n","protected":false},"excerpt":{"rendered":"<p>Dictamina El Tribunal Europeo de Derechos Humanos. Este fallo ha sido considerado hist\u00f3rico, ya que es la primera vez que el TEDH se pronuncia sobre la vacunaci\u00f3n obligatoria contra las enfermedades infantiles. Las vacunas infantiles obligatorias son \u00abnecesarias en las sociedades democr\u00e1ticas\u00bb y todo ni\u00f1o tiene que estar protegido. As\u00ed lo dictamin\u00f3 este 8 de [&hellip;]<\/p>\n","protected":false},"author":1,"featured_media":36048,"comment_status":"closed","ping_status":"closed","sticky":false,"template":"","format":"standard","meta":{"rop_custom_images_group":[],"rop_custom_messages_group":[],"rop_publish_now":"initial","rop_publish_now_accounts":[],"rop_publish_now_history":[],"rop_publish_now_status":"pending","footnotes":""},"categories":[71,60],"tags":[],"class_list":["post-36047","post","type-post","status-publish","format-standard","has-post-thumbnail","hentry","category-salud","category-sonnoticia"],"_links":{"self":[{"href":"https:\/\/notiissa.mx\/index.php?rest_route=\/wp\/v2\/posts\/36047","targetHints":{"allow":["GET"]}}],"collection":[{"href":"https:\/\/notiissa.mx\/index.php?rest_route=\/wp\/v2\/posts"}],"about":[{"href":"https:\/\/notiissa.mx\/index.php?rest_route=\/wp\/v2\/types\/post"}],"author":[{"embeddable":true,"href":"https:\/\/notiissa.mx\/index.php?rest_route=\/wp\/v2\/users\/1"}],"replies":[{"embeddable":true,"href":"https:\/\/notiissa.mx\/index.php?rest_route=%2Fwp%2Fv2%2Fcomments&post=36047"}],"version-history":[{"count":1,"href":"https:\/\/notiissa.mx\/index.php?rest_route=\/wp\/v2\/posts\/36047\/revisions"}],"predecessor-version":[{"id":36049,"href":"https:\/\/notiissa.mx\/index.php?rest_route=\/wp\/v2\/posts\/36047\/revisions\/36049"}],"wp:featuredmedia":[{"embeddable":true,"href":"https:\/\/notiissa.mx\/index.php?rest_route=\/wp\/v2\/media\/36048"}],"wp:attachment":[{"href":"https:\/\/notiissa.mx\/index.php?rest_route=%2Fwp%2Fv2%2Fmedia&parent=36047"}],"wp:term":[{"taxonomy":"category","embeddable":true,"href":"https:\/\/notiissa.mx\/index.php?rest_route=%2Fwp%2Fv2%2Fcategories&post=36047"},{"taxonomy":"post_tag","embeddable":true,"href":"https:\/\/notiissa.mx\/index.php?rest_route=%2Fwp%2Fv2%2Ftags&post=36047"}],"curies":[{"name":"wp","href":"https:\/\/api.w.org\/{rel}","templated":true}]}}