{"id":36013,"date":"2021-04-07T17:25:45","date_gmt":"2021-04-07T17:25:45","guid":{"rendered":"http:\/\/notiissa.mx\/?p=36013"},"modified":"2021-04-07T17:25:46","modified_gmt":"2021-04-07T17:25:46","slug":"participan-mandos-federales-en-mesa-de-seguridad","status":"publish","type":"post","link":"https:\/\/notiissa.mx\/?p=36013","title":{"rendered":"Participan mandos federales en Mesa de Seguridad"},"content":{"rendered":"\n<p>Chihuahua.-  Acuden representantes de las distintas corporaciones y del Ej\u00e9rcito a reuni\u00f3n del Grupo de Coordinaci\u00f3n para la Construcci\u00f3n de la Paz convocada por el gobernador Javier Corral, en la capital del estado<\/p>\n\n\n\n<p>El gobernador Javier Corral Jurado recibi\u00f3\nesta ma\u00f1ana en el Palacio de Gobierno a los jefes y comandantes de las diversas\nfuerzas federales como el Ej\u00e9rcito, la Guardia Nacional, el delegado de la\nFiscal\u00eda General de la Rep\u00fablica y la delegada de Programas del Desarrollo, Bertha\nAlcalde Luj\u00e1n, en la reuni\u00f3n del Grupo de Coordinaci\u00f3n para la Construcci\u00f3n de\nla Paz.<\/p>\n\n\n\n<p>En la Mesa de Seguridad estatal se retom\u00f3 la\ncoordinaci\u00f3n con el Gobierno de M\u00e9xico desde el pasado lunes en Ciudad Ju\u00e1rez y\nhoy continu\u00f3 en Chihuahua capital la construcci\u00f3n de estrategias para\nfortalecer la seguridad de las y los chihuahuenses, entre los distintos \u00f3rdenes\nde Gobierno.<\/p>\n\n\n\n<p>El gobernador inform\u00f3 en el reinicio de la\ncoordinaci\u00f3n, que las reuniones se retomaron en los mismos t\u00e9rminos,\ncondiciones y lineamientos que prevalec\u00edan hasta que el Gobierno de M\u00e9xico\ndecidi\u00f3 retirarse de la Mesa de Seguridad.<\/p>\n\n\n\n<p>Expuso que uno de los grandes objetivos de\nreanudar los trabajos con la participaci\u00f3n del Gobierno Federal, es recuperar y\nrestablecer las peticiones sobre el aumento del estado de fuerza para Ciudad\nJu\u00e1rez y para Chihuahua capital.<\/p>\n\n\n\n<p>En la reuni\u00f3n de hoy en Chihuahua, adem\u00e1s de\nlos mandos federales participaron el fiscal general del estado, C\u00e9sar Augusto\nPeniche Espejel, el secretario de Seguridad P\u00fablica Estatal, Emilio Garc\u00eda Ruiz\ny el secretario general de Gobierno, Luis Fernando Mesta Soul\u00e9, entre otros.<\/p>\n","protected":false},"excerpt":{"rendered":"<p>Chihuahua.- Acuden representantes de las distintas corporaciones y del Ej\u00e9rcito a reuni\u00f3n del Grupo de Coordinaci\u00f3n para la Construcci\u00f3n de la Paz convocada por el gobernador Javier Corral, en la capital del estado El gobernador Javier Corral Jurado recibi\u00f3 esta ma\u00f1ana en el Palacio de Gobierno a los jefes y comandantes de las diversas fuerzas [&hellip;]<\/p>\n","protected":false},"author":1,"featured_media":36014,"comment_status":"closed","ping_status":"closed","sticky":false,"template":"","format":"standard","meta":{"rop_custom_images_group":[],"rop_custom_messages_group":[],"rop_publish_now":"initial","rop_publish_now_accounts":[],"rop_publish_now_history":[],"rop_publish_now_status":"pending","footnotes":""},"categories":[72],"tags":[],"class_list":["post-36013","post","type-post","status-publish","format-standard","has-post-thumbnail","hentry","category-estado"],"_links":{"self":[{"href":"https:\/\/notiissa.mx\/index.php?rest_route=\/wp\/v2\/posts\/36013","targetHints":{"allow":["GET"]}}],"collection":[{"href":"https:\/\/notiissa.mx\/index.php?rest_route=\/wp\/v2\/posts"}],"about":[{"href":"https:\/\/notiissa.mx\/index.php?rest_route=\/wp\/v2\/types\/post"}],"author":[{"embeddable":true,"href":"https:\/\/notiissa.mx\/index.php?rest_route=\/wp\/v2\/users\/1"}],"replies":[{"embeddable":true,"href":"https:\/\/notiissa.mx\/index.php?rest_route=%2Fwp%2Fv2%2Fcomments&post=36013"}],"version-history":[{"count":1,"href":"https:\/\/notiissa.mx\/index.php?rest_route=\/wp\/v2\/posts\/36013\/revisions"}],"predecessor-version":[{"id":36015,"href":"https:\/\/notiissa.mx\/index.php?rest_route=\/wp\/v2\/posts\/36013\/revisions\/36015"}],"wp:featuredmedia":[{"embeddable":true,"href":"https:\/\/notiissa.mx\/index.php?rest_route=\/wp\/v2\/media\/36014"}],"wp:attachment":[{"href":"https:\/\/notiissa.mx\/index.php?rest_route=%2Fwp%2Fv2%2Fmedia&parent=36013"}],"wp:term":[{"taxonomy":"category","embeddable":true,"href":"https:\/\/notiissa.mx\/index.php?rest_route=%2Fwp%2Fv2%2Fcategories&post=36013"},{"taxonomy":"post_tag","embeddable":true,"href":"https:\/\/notiissa.mx\/index.php?rest_route=%2Fwp%2Fv2%2Ftags&post=36013"}],"curies":[{"name":"wp","href":"https:\/\/api.w.org\/{rel}","templated":true}]}}