{"id":35920,"date":"2021-04-05T01:27:31","date_gmt":"2021-04-05T01:27:31","guid":{"rendered":"http:\/\/notiissa.mx\/?p=35920"},"modified":"2021-04-05T01:27:32","modified_gmt":"2021-04-05T01:27:32","slug":"acompana-cruz-perez-cuellar-a-loera-en-arranque-de-campana","status":"publish","type":"post","link":"https:\/\/notiissa.mx\/?p=35920","title":{"rendered":"Acompa\u00f1a Cruz P\u00e9rez Cu\u00e9llar a Loera en arranque de campa\u00f1a"},"content":{"rendered":"\n<p>Ciudad Ju\u00e1rez, Chihuahua.- Durante el arranque de campa\u00f1a por la gubernatura de Chihuahua, el senador Cruz P\u00e9rez Cuellar acompa\u00f1\u00f3 al  candidato por Morena Juan Carlos Loera de la Rosa, a  quien le dese\u00f3  \u00e9xito en este proceso electoral.<\/p>\n\n\n\n<p>P\u00e9rez  Cu\u00e9llar se\u00f1al\u00f3 la importancia que tiene esta contienda que  culminar\u00e1 el 6 de junio en las urnas, una vez que adem\u00e1s del relevo en la  primera magistratura del estado, se renovar\u00e1 la c\u00e1mara de diputados, lo  cual es de suma importancia para que el proceso de transformaci\u00f3n que  dio inicio en 2018 se mantenga y continu\u00e9.<\/p>\n\n\n\n<p>En\n el evento realizado en la plaza en la que se localiza el monumento a \nJu\u00e1rez, el Senador aprovech\u00f3 para saludar y desear \u00e9xito tambi\u00e9n a \nDaniel Murgu\u00eda Lardiz\u00e1bal, Mayte Vargas, Lilia Aguilar, Ulises Garc\u00eda y \nFernando Tiscare\u00f1o, quienes desde hoy realizar\u00e1n campa\u00f1a para llegar al \nCongreso de la Uni\u00f3n.<\/p>\n\n\n\n<p>Asimismo\n destac\u00f3 la fuerza que tiene Morena en la regi\u00f3n fronteriza, por lo cual\n augura un resultado positivo para Loera de la Rosa.<\/p>\n","protected":false},"excerpt":{"rendered":"<p>Ciudad Ju\u00e1rez, Chihuahua.- Durante el arranque de campa\u00f1a por la gubernatura de Chihuahua, el senador Cruz P\u00e9rez Cuellar acompa\u00f1\u00f3 al candidato por Morena Juan Carlos Loera de la Rosa, a quien le dese\u00f3 \u00e9xito en este proceso electoral. P\u00e9rez Cu\u00e9llar se\u00f1al\u00f3 la importancia que tiene esta contienda que culminar\u00e1 el 6 de junio en las [&hellip;]<\/p>\n","protected":false},"author":1,"featured_media":35921,"comment_status":"closed","ping_status":"closed","sticky":false,"template":"","format":"standard","meta":{"rop_custom_images_group":[],"rop_custom_messages_group":[],"rop_publish_now":"initial","rop_publish_now_accounts":[],"rop_publish_now_history":[],"rop_publish_now_status":"pending","footnotes":""},"categories":[75,72],"tags":[],"class_list":["post-35920","post","type-post","status-publish","format-standard","has-post-thumbnail","hentry","category-actualidad","category-estado"],"_links":{"self":[{"href":"https:\/\/notiissa.mx\/index.php?rest_route=\/wp\/v2\/posts\/35920","targetHints":{"allow":["GET"]}}],"collection":[{"href":"https:\/\/notiissa.mx\/index.php?rest_route=\/wp\/v2\/posts"}],"about":[{"href":"https:\/\/notiissa.mx\/index.php?rest_route=\/wp\/v2\/types\/post"}],"author":[{"embeddable":true,"href":"https:\/\/notiissa.mx\/index.php?rest_route=\/wp\/v2\/users\/1"}],"replies":[{"embeddable":true,"href":"https:\/\/notiissa.mx\/index.php?rest_route=%2Fwp%2Fv2%2Fcomments&post=35920"}],"version-history":[{"count":1,"href":"https:\/\/notiissa.mx\/index.php?rest_route=\/wp\/v2\/posts\/35920\/revisions"}],"predecessor-version":[{"id":35922,"href":"https:\/\/notiissa.mx\/index.php?rest_route=\/wp\/v2\/posts\/35920\/revisions\/35922"}],"wp:featuredmedia":[{"embeddable":true,"href":"https:\/\/notiissa.mx\/index.php?rest_route=\/wp\/v2\/media\/35921"}],"wp:attachment":[{"href":"https:\/\/notiissa.mx\/index.php?rest_route=%2Fwp%2Fv2%2Fmedia&parent=35920"}],"wp:term":[{"taxonomy":"category","embeddable":true,"href":"https:\/\/notiissa.mx\/index.php?rest_route=%2Fwp%2Fv2%2Fcategories&post=35920"},{"taxonomy":"post_tag","embeddable":true,"href":"https:\/\/notiissa.mx\/index.php?rest_route=%2Fwp%2Fv2%2Ftags&post=35920"}],"curies":[{"name":"wp","href":"https:\/\/api.w.org\/{rel}","templated":true}]}}