{"id":35495,"date":"2021-03-26T19:09:45","date_gmt":"2021-03-26T19:09:45","guid":{"rendered":"http:\/\/notiissa.mx\/?p=35495"},"modified":"2021-03-26T19:09:47","modified_gmt":"2021-03-26T19:09:47","slug":"invierte-municipio-2-4-mdp-en-rehabilitacion-de-parque-en-villas-del-real","status":"publish","type":"post","link":"https:\/\/notiissa.mx\/?p=35495","title":{"rendered":"Invierte Municipio 2.4 mdp en rehabilitaci\u00f3n de parque en Villas del Real"},"content":{"rendered":"\n<p> Proyecto ganador del Presupuesto Participativo 2020. <\/p>\n\n\n\n<p><em>La Alcaldesa Mar\u00eda Ang\u00e9lica Granados Trespalacios estuvo presente en la reinauguraci\u00f3n de este espacio<\/em>.<\/p>\n\n\n\n<p>Ciudad de Chihuahua.- Estrenan vecinos de la colonia  Villas del Real  rehabilitaci\u00f3n del parque ubicado en las  inmediaciones de la calle Mina Candelaria y Avenida Paseos el Real; en  un evento encabezado por la alcaldesa Mar\u00eda Ang\u00e9lica Granados  Trespalacios se llev\u00f3 a cabo el corte de list\u00f3n inaugural de esta obra  para la cual el Gobierno Municipal invirti\u00f3 2.4 millones de pesos.<\/p>\n\n\n\n<p>Este fue uno los \nproyectos ganadores del Presupuesto Participativo 2020, por lo que el \nse\u00f1or Jorge Alberto Lara Santillanes, presidente del Comit\u00e9 de Vecinos \nVillas del Real, agradeci\u00f3 la realizaci\u00f3n de este sue\u00f1o que fue posible \ngracias a la participaci\u00f3n de los vecinos y apoyo de la administraci\u00f3n \nmunicipal, logrando habilitar el parque para la realizaci\u00f3n de distintas\n actividades y este a\u00f1o buscar\u00e1n volver a participar para dotarlo de m\u00e1s\n infraestructura.<\/p>\n\n\n\n<p>Con esta rehabilitaci\u00f3n \nse beneficia a m\u00e1s de 2 mil 100 vecinos del Villas del Real con la \nconstrucci\u00f3n de una cancha de futbol r\u00e1pido a base de muros de block, \nmalla cicl\u00f3nica y firme de concreto en un \u00e1rea de 1,139.35 metros \ncuadrados de la cancha. Adem\u00e1s de una cancha mixta de 510 metros \ncuadrados que costa de un firme de concreto, pintura de l\u00edneas de juego,\n malla cicl\u00f3nica perimetral, porter\u00eda y canasta a base de acero. &nbsp;<\/p>\n\n\n\n<p>En su mensaje a los \nvecinos presentes la alcaldesa Mar\u00eda Ang\u00e9lica Granados, coment\u00f3 que la \ncreaci\u00f3n de m\u00e1s y mejores obras o remodelaci\u00f3n de lugares abandonados o \nno aptos para su uso son parte fundamental para el desarrollo de la \nciudad y el aumento de la calidad de vida de los habitantes.<\/p>\n\n\n\n<p>\u201cHoy se materializa un \nproyecto m\u00e1s del Presupuesto Participativos que ustedes, los ciudadanos \npusieron en la mesa y tambi\u00e9n lo eligieron todos juntos\u201d, expres\u00f3 \nGranados Trespalacios para agregar que con este son 28 obras inauguradas\n de este presupuesto. Agradeciendo la participaci\u00f3n de los vecinos para \nbeneficio de su comunidad.<\/p>\n\n\n\n<p>Por su parte la directora\n de Planeaci\u00f3n y Evaluaci\u00f3n del Municipio, Olga Ver\u00f3nica Garc\u00eda, reiter\u00f3\n que este domingo 28 de marzo se llevar\u00e1 a cabo la Consulta Ciudadana \npara el Presupuesto Participativo 2021, mecanismo en el que el 5 por \nciento del presupuesto del municipio se destinar\u00e1 a las necesidades que \nproponen los mismos chihuahuenses, siendo este es el tercer a\u00f1o que se \nlleva a cabo la consulta. Para el domingo son 405 solicitudes las que \nentrar\u00e1n a la consulta p\u00fablica, actividad que se llevar\u00e1 de manera \ndigital debido a la pandemia por coronavirus.<\/p>\n\n\n\n<p>Luego del corte de list\u00f3n\n inaugural el grupo de zumba del sector que utiliza estas instalaciones \nllev\u00f3 a cabo una muestra de las clases para las cuales se aprovechan las\n nuevas canchas, expresando su agradecimiento por tener un lugar digno \ndonde recrearse.<\/p>\n","protected":false},"excerpt":{"rendered":"<p>Proyecto ganador del Presupuesto Participativo 2020. La Alcaldesa Mar\u00eda Ang\u00e9lica Granados Trespalacios estuvo presente en la reinauguraci\u00f3n de este espacio. Ciudad de Chihuahua.- Estrenan vecinos de la colonia Villas del Real rehabilitaci\u00f3n del parque ubicado en las inmediaciones de la calle Mina Candelaria y Avenida Paseos el Real; en un evento encabezado por la alcaldesa [&hellip;]<\/p>\n","protected":false},"author":1,"featured_media":35496,"comment_status":"closed","ping_status":"closed","sticky":false,"template":"","format":"standard","meta":{"rop_custom_images_group":[],"rop_custom_messages_group":[],"rop_publish_now":"initial","rop_publish_now_accounts":[],"rop_publish_now_history":[],"rop_publish_now_status":"pending","footnotes":""},"categories":[67],"tags":[23],"class_list":["post-35495","post","type-post","status-publish","format-standard","has-post-thumbnail","hentry","category-ciudad","tag-destacado"],"_links":{"self":[{"href":"https:\/\/notiissa.mx\/index.php?rest_route=\/wp\/v2\/posts\/35495","targetHints":{"allow":["GET"]}}],"collection":[{"href":"https:\/\/notiissa.mx\/index.php?rest_route=\/wp\/v2\/posts"}],"about":[{"href":"https:\/\/notiissa.mx\/index.php?rest_route=\/wp\/v2\/types\/post"}],"author":[{"embeddable":true,"href":"https:\/\/notiissa.mx\/index.php?rest_route=\/wp\/v2\/users\/1"}],"replies":[{"embeddable":true,"href":"https:\/\/notiissa.mx\/index.php?rest_route=%2Fwp%2Fv2%2Fcomments&post=35495"}],"version-history":[{"count":1,"href":"https:\/\/notiissa.mx\/index.php?rest_route=\/wp\/v2\/posts\/35495\/revisions"}],"predecessor-version":[{"id":35497,"href":"https:\/\/notiissa.mx\/index.php?rest_route=\/wp\/v2\/posts\/35495\/revisions\/35497"}],"wp:featuredmedia":[{"embeddable":true,"href":"https:\/\/notiissa.mx\/index.php?rest_route=\/wp\/v2\/media\/35496"}],"wp:attachment":[{"href":"https:\/\/notiissa.mx\/index.php?rest_route=%2Fwp%2Fv2%2Fmedia&parent=35495"}],"wp:term":[{"taxonomy":"category","embeddable":true,"href":"https:\/\/notiissa.mx\/index.php?rest_route=%2Fwp%2Fv2%2Fcategories&post=35495"},{"taxonomy":"post_tag","embeddable":true,"href":"https:\/\/notiissa.mx\/index.php?rest_route=%2Fwp%2Fv2%2Ftags&post=35495"}],"curies":[{"name":"wp","href":"https:\/\/api.w.org\/{rel}","templated":true}]}}