{"id":35452,"date":"2021-03-25T20:49:53","date_gmt":"2021-03-25T20:49:53","guid":{"rendered":"http:\/\/notiissa.mx\/?p=35452"},"modified":"2021-03-25T20:49:55","modified_gmt":"2021-03-25T20:49:55","slug":"pide-diputado-a-la-federacion-vacunas-para-personal-medico-de-juarez-y-chihuahua","status":"publish","type":"post","link":"https:\/\/notiissa.mx\/?p=35452","title":{"rendered":"Pide diputado a la Federaci\u00f3n vacunas para personal m\u00e9dico de Ju\u00e1rez y Chihuahua"},"content":{"rendered":"\n<p> El diputado del PAN Jes\u00fas  Villarreal, coment\u00f3 que hay una fuerte protesta de los m\u00e9dicos en ciudad  Ju\u00e1rez por la falta de vacunas, donde los trabajadores exigen  inmunizaci\u00f3n contra el covid19.<\/p>\n\n\n\n<p>Explicaron que siguen expuestos al virus de forma secundaria-<\/p>\n\n\n\n<p>Con\n estos reclamos, es importante exhortar al Gobierno Federal para que \ntome como prioridad, al personal m\u00e9dico en el Estado de Chihuahua y en \nparticular al de ciudad Ju\u00e1rez y &nbsp;decida la aplicaci\u00f3n de vacunas de \nforma proporcional a los distintos Municipios del Estado de acuerdo a su\n poblaci\u00f3n adulta, sin excluir a los Municipios que cuentan con menor \npoblaci\u00f3n, preciso Villarreal.<\/p>\n\n\n\n<p>\u201c\u00bfC\u00f3mo es posible que no haya \nsida concluida la vacunaci\u00f3n al personal m\u00e9dico y que no haya llegado \nninguna vacuna a las ciudades m\u00e1s grandes del Estado para adultos \nmayores, de qu\u00e9 se trata?\u00bfCu\u00e1l es el prop\u00f3sito de la estrategia?&nbsp; Me \nqueda claro que no es el inter\u00e9s por la salud de los Chihuahuenses\u201d.<\/p>\n\n\n\n<p>\u201cPresidente\n L\u00f3pez Obrador, el pa\u00eds y el Estado de Chihuahua, con personal m\u00e9dico \nenfermo o con menos m\u00e9dicos a causa de los fallecimientos traer\u00e1n una \npoblaci\u00f3n m\u00e1s enferma y con mayor riesgo de fallecimiento\u201d, puntualiz\u00f3.<\/p>\n\n\n\n<p>Los\n m\u00e9dicos resaltan que hay personas que llegan con s\u00edntomas como \nestornudos o tos, siendo sospechosas de Covid, donde en muchas de las \nocasiones llegan a cualquier hospital no especializado en Covid. Esto es\n un riesgo latente de contagio a la poblaci\u00f3n m\u00e9dica que no est\u00e1 en la \nprimera l\u00ednea de atenci\u00f3n de la pandemia, sobre todo porque se sabe que \ndicho personal no ha sido dotado de los implementos necesarios para la \nprotecci\u00f3n de su propia salud. <\/p>\n\n\n\n<p>Es por eso que se le pide \ncorregir la priorizaci\u00f3n de vacunaci\u00f3n por grupos, se ocupe de resolver a\n la mayor brevedad posible el problema sustantivo de vacunaci\u00f3n para \nJu\u00e1rez y el resto del Estado.<\/p>\n\n\n\n<p><\/p>\n","protected":false},"excerpt":{"rendered":"<p>El diputado del PAN Jes\u00fas Villarreal, coment\u00f3 que hay una fuerte protesta de los m\u00e9dicos en ciudad Ju\u00e1rez por la falta de vacunas, donde los trabajadores exigen inmunizaci\u00f3n contra el covid19. Explicaron que siguen expuestos al virus de forma secundaria- Con estos reclamos, es importante exhortar al Gobierno Federal para que tome como prioridad, al [&hellip;]<\/p>\n","protected":false},"author":1,"featured_media":35453,"comment_status":"closed","ping_status":"closed","sticky":false,"template":"","format":"standard","meta":{"rop_custom_images_group":[],"rop_custom_messages_group":[],"rop_publish_now":"initial","rop_publish_now_accounts":[],"rop_publish_now_history":[],"rop_publish_now_status":"pending","footnotes":""},"categories":[67,72,71],"tags":[23],"class_list":["post-35452","post","type-post","status-publish","format-standard","has-post-thumbnail","hentry","category-ciudad","category-estado","category-salud","tag-destacado"],"_links":{"self":[{"href":"https:\/\/notiissa.mx\/index.php?rest_route=\/wp\/v2\/posts\/35452","targetHints":{"allow":["GET"]}}],"collection":[{"href":"https:\/\/notiissa.mx\/index.php?rest_route=\/wp\/v2\/posts"}],"about":[{"href":"https:\/\/notiissa.mx\/index.php?rest_route=\/wp\/v2\/types\/post"}],"author":[{"embeddable":true,"href":"https:\/\/notiissa.mx\/index.php?rest_route=\/wp\/v2\/users\/1"}],"replies":[{"embeddable":true,"href":"https:\/\/notiissa.mx\/index.php?rest_route=%2Fwp%2Fv2%2Fcomments&post=35452"}],"version-history":[{"count":1,"href":"https:\/\/notiissa.mx\/index.php?rest_route=\/wp\/v2\/posts\/35452\/revisions"}],"predecessor-version":[{"id":35454,"href":"https:\/\/notiissa.mx\/index.php?rest_route=\/wp\/v2\/posts\/35452\/revisions\/35454"}],"wp:featuredmedia":[{"embeddable":true,"href":"https:\/\/notiissa.mx\/index.php?rest_route=\/wp\/v2\/media\/35453"}],"wp:attachment":[{"href":"https:\/\/notiissa.mx\/index.php?rest_route=%2Fwp%2Fv2%2Fmedia&parent=35452"}],"wp:term":[{"taxonomy":"category","embeddable":true,"href":"https:\/\/notiissa.mx\/index.php?rest_route=%2Fwp%2Fv2%2Fcategories&post=35452"},{"taxonomy":"post_tag","embeddable":true,"href":"https:\/\/notiissa.mx\/index.php?rest_route=%2Fwp%2Fv2%2Ftags&post=35452"}],"curies":[{"name":"wp","href":"https:\/\/api.w.org\/{rel}","templated":true}]}}