{"id":3461,"date":"2015-07-07T03:29:26","date_gmt":"2015-07-07T03:29:26","guid":{"rendered":"http:\/\/notiissa.mx\/?p=3461"},"modified":"2015-07-07T03:30:48","modified_gmt":"2015-07-07T03:30:48","slug":"despojan-a-mayweather-del-titulo-que-le-gano-a-pacquiao-en-la-pelea-del-siglo","status":"publish","type":"post","link":"https:\/\/notiissa.mx\/?p=3461","title":{"rendered":"Despojan a Mayweather del t\u00edtulo que le gan\u00f3 a Pacquiao en la &#8216;Pelea del siglo&#8217;"},"content":{"rendered":"<p style=\"text-align: justify;\">La Organizaci\u00f3n Mundial de Boxeo (OMB) despoj\u00f3 del cintur\u00f3n de campe\u00f3n mundial del peso welter al boxeador estadounidense Floyd Mayweather, luego de ganarlo en la &#8216;P<a href=\"http:\/\/actualidad.rt.com\/ultima_hora\/173733-mayweather-pacquiao\" target=\"_blank\">elea del siglo<\/a>&#8216; de mayo pasado, tras derrotar al filipino Manny Pacquiao, informa <a href=\"http:\/\/espn.go.com\/boxing\/story\/_\/id\/13211446\/floyd-mayweather-jr-stripped-wbo-welterweight-title\" target=\"_blank\">ESPN<\/a>.<\/p>\n<p style=\"text-align: justify;\">\u00abNo tuvimos otra alternativa que no reconocer al se\u00f1or Floyd Mayweather Jr. como campe\u00f3n welter de la OMB y dejar vacante el t\u00edtulo, por no cumplir con las reglas del organismo\u00bb, indicaron los dirigentes de la OMB en un comunicado.<\/p>\n<p style=\"text-align: justify;\">El p\u00fagil estadounidense adeudaba <a href=\"http:\/\/actualidad.rt.com\/ultima_hora\/179327-floyd-mayweather-podria-perder-titulo\" target=\"_blank\">200.000 d\u00f3lares<\/a>\u00a0como pago por haber sancionado la <a href=\"http:\/\/actualidad.rt.com\/galerias\/173746-mejores-momento-pelea-siglo-mayweather-pacquiao\" target=\"_blank\" rel=\"up\">pelea<\/a>\u00a0contra Pacquiao, y ten\u00eda el 3 de julio como fecha l\u00edmite para realizar el pago.<\/p>\n<p>&nbsp;<\/p>\n","protected":false},"excerpt":{"rendered":"<p>La Organizaci\u00f3n Mundial de Boxeo (OMB) despoj\u00f3 del cintur\u00f3n de campe\u00f3n mundial del peso welter al boxeador estadounidense Floyd Mayweather, luego de ganarlo en la &#8216;Pelea del siglo&#8216; de mayo pasado, tras derrotar al filipino Manny Pacquiao, informa ESPN. \u00abNo tuvimos otra alternativa que no reconocer al se\u00f1or Floyd Mayweather Jr. como campe\u00f3n welter de [&hellip;]<\/p>\n","protected":false},"author":1,"featured_media":3462,"comment_status":"open","ping_status":"open","sticky":false,"template":"","format":"standard","meta":{"rop_custom_images_group":[],"rop_custom_messages_group":[],"rop_publish_now":"initial","rop_publish_now_accounts":[],"rop_publish_now_history":[],"rop_publish_now_status":"pending","footnotes":""},"categories":[70],"tags":[],"class_list":["post-3461","post","type-post","status-publish","format-standard","has-post-thumbnail","hentry","category-espectaculos"],"_links":{"self":[{"href":"https:\/\/notiissa.mx\/index.php?rest_route=\/wp\/v2\/posts\/3461","targetHints":{"allow":["GET"]}}],"collection":[{"href":"https:\/\/notiissa.mx\/index.php?rest_route=\/wp\/v2\/posts"}],"about":[{"href":"https:\/\/notiissa.mx\/index.php?rest_route=\/wp\/v2\/types\/post"}],"author":[{"embeddable":true,"href":"https:\/\/notiissa.mx\/index.php?rest_route=\/wp\/v2\/users\/1"}],"replies":[{"embeddable":true,"href":"https:\/\/notiissa.mx\/index.php?rest_route=%2Fwp%2Fv2%2Fcomments&post=3461"}],"version-history":[{"count":2,"href":"https:\/\/notiissa.mx\/index.php?rest_route=\/wp\/v2\/posts\/3461\/revisions"}],"predecessor-version":[{"id":3464,"href":"https:\/\/notiissa.mx\/index.php?rest_route=\/wp\/v2\/posts\/3461\/revisions\/3464"}],"wp:featuredmedia":[{"embeddable":true,"href":"https:\/\/notiissa.mx\/index.php?rest_route=\/wp\/v2\/media\/3462"}],"wp:attachment":[{"href":"https:\/\/notiissa.mx\/index.php?rest_route=%2Fwp%2Fv2%2Fmedia&parent=3461"}],"wp:term":[{"taxonomy":"category","embeddable":true,"href":"https:\/\/notiissa.mx\/index.php?rest_route=%2Fwp%2Fv2%2Fcategories&post=3461"},{"taxonomy":"post_tag","embeddable":true,"href":"https:\/\/notiissa.mx\/index.php?rest_route=%2Fwp%2Fv2%2Ftags&post=3461"}],"curies":[{"name":"wp","href":"https:\/\/api.w.org\/{rel}","templated":true}]}}