{"id":34479,"date":"2021-02-26T18:54:42","date_gmt":"2021-02-26T18:54:42","guid":{"rendered":"http:\/\/notiissa.mx\/?p=34479"},"modified":"2021-02-26T18:54:43","modified_gmt":"2021-02-26T18:54:43","slug":"jovenes-de-la-red-muestran-su-talento-en-exposicion-fotografica","status":"publish","type":"post","link":"https:\/\/notiissa.mx\/?p=34479","title":{"rendered":"J\u00f3venes de la RED muestran su talento en exposici\u00f3n fotogr\u00e1fica"},"content":{"rendered":"\n<p>Ciudad de Chihuahua.- Con el objetivo de aportar soluciones para disminuir en la juventud los factores asociados a la violencia y delincuencia, favoreciendo al desarrollo de habilidades para la vida personal, social y familiar, la Red de Cohesi\u00f3n y Participaci\u00f3n Social, 1, 2, 3, por m\u00ed y por mi Comunidad A.C., con el apoyo de la Fundaci\u00f3n del Empresariado Chihuahuense (FECHAC), implementa un modelo de intervenci\u00f3n comunitaria estrat\u00e9gico para este sector de la poblaci\u00f3n.<\/p>\n\n\n\n<p>Es por ello que a trav\u00e9s del programa \u201c1, 2,\n3, por nuestras juventudes\u201d, se atiende a adolescentes y j\u00f3venes de tres\npol\u00edgonos prioritarios de atenci\u00f3n en la ciudad de Chihuahua, en la que se\nrealizan actividades deportivas, recreativas, art\u00edsticas y de oficios, entre\notras, y en esta ocasi\u00f3n se les brind\u00f3 un curso especial de fotograf\u00eda.<\/p>\n\n\n\n<p>Como resultado de las clases, los\nparticipantes adem\u00e1s de obtener conocimientos sobre el uso de la c\u00e1mara\nfotogr\u00e1fica, plasmaron su creatividad y habilidades a trav\u00e9s de una exposici\u00f3n\nque se present\u00f3 al exterior de la iglesia Vicentinas de la colonia Cerro\nGrande.<\/p>\n\n\n\n<p>Las clases forman parte de las acciones que\nimplementan dentro de la estrategia integral de intervenci\u00f3n, ya que adem\u00e1s de\nofrecer las herramientas para realizar una actividad l\u00fadica-formativa, se\ncuenta con todo un esquema de atenci\u00f3n y acompa\u00f1amiento para la toma de\ndecisiones, con miras a un mejor futuro.<\/p>\n\n\n\n<p>El taller fotogr\u00e1fico fue posible gracias a un\ngrupo de expertos con los que cuenta la Red de Cohesi\u00f3n y Participaci\u00f3n Social,\n1, 2, 3, por m\u00ed y por mi Comunidad A.C., as\u00ed como por el apoyo de material por\nparte de la FECHAC.<\/p>\n","protected":false},"excerpt":{"rendered":"<p>Ciudad de Chihuahua.- Con el objetivo de aportar soluciones para disminuir en la juventud los factores asociados a la violencia y delincuencia, favoreciendo al desarrollo de habilidades para la vida personal, social y familiar, la Red de Cohesi\u00f3n y Participaci\u00f3n Social, 1, 2, 3, por m\u00ed y por mi Comunidad A.C., con el apoyo de [&hellip;]<\/p>\n","protected":false},"author":1,"featured_media":34480,"comment_status":"closed","ping_status":"closed","sticky":false,"template":"","format":"standard","meta":{"rop_custom_images_group":[],"rop_custom_messages_group":[],"rop_publish_now":"initial","rop_publish_now_accounts":[],"rop_publish_now_history":[],"rop_publish_now_status":"pending","footnotes":""},"categories":[73,67],"tags":[23],"class_list":["post-34479","post","type-post","status-publish","format-standard","has-post-thumbnail","hentry","category-arte","category-ciudad","tag-destacado"],"_links":{"self":[{"href":"https:\/\/notiissa.mx\/index.php?rest_route=\/wp\/v2\/posts\/34479","targetHints":{"allow":["GET"]}}],"collection":[{"href":"https:\/\/notiissa.mx\/index.php?rest_route=\/wp\/v2\/posts"}],"about":[{"href":"https:\/\/notiissa.mx\/index.php?rest_route=\/wp\/v2\/types\/post"}],"author":[{"embeddable":true,"href":"https:\/\/notiissa.mx\/index.php?rest_route=\/wp\/v2\/users\/1"}],"replies":[{"embeddable":true,"href":"https:\/\/notiissa.mx\/index.php?rest_route=%2Fwp%2Fv2%2Fcomments&post=34479"}],"version-history":[{"count":1,"href":"https:\/\/notiissa.mx\/index.php?rest_route=\/wp\/v2\/posts\/34479\/revisions"}],"predecessor-version":[{"id":34481,"href":"https:\/\/notiissa.mx\/index.php?rest_route=\/wp\/v2\/posts\/34479\/revisions\/34481"}],"wp:featuredmedia":[{"embeddable":true,"href":"https:\/\/notiissa.mx\/index.php?rest_route=\/wp\/v2\/media\/34480"}],"wp:attachment":[{"href":"https:\/\/notiissa.mx\/index.php?rest_route=%2Fwp%2Fv2%2Fmedia&parent=34479"}],"wp:term":[{"taxonomy":"category","embeddable":true,"href":"https:\/\/notiissa.mx\/index.php?rest_route=%2Fwp%2Fv2%2Fcategories&post=34479"},{"taxonomy":"post_tag","embeddable":true,"href":"https:\/\/notiissa.mx\/index.php?rest_route=%2Fwp%2Fv2%2Ftags&post=34479"}],"curies":[{"name":"wp","href":"https:\/\/api.w.org\/{rel}","templated":true}]}}