{"id":33700,"date":"2021-02-05T03:09:52","date_gmt":"2021-02-05T03:09:52","guid":{"rendered":"http:\/\/notiissa.mx\/?p=33700"},"modified":"2021-02-05T03:09:53","modified_gmt":"2021-02-05T03:09:53","slug":"presentan-la-exposicion-las-tres-cabezas-de-javier-marin","status":"publish","type":"post","link":"https:\/\/notiissa.mx\/?p=33700","title":{"rendered":"Presentan la exposici\u00f3n las \u201cTres Cabezas\u201d de Javier Mar\u00edn"},"content":{"rendered":"\n<p>Ciudad de Chihuahua.- Con el prop\u00f3sito de continuar con la  promoci\u00f3n cultural en la ciudad y\u00a0 de tomar en consideraci\u00f3n las  recomendaciones de las autoridades de salud por el COVID19, el  Instituto de Cultura del\u00a0 Municipio de Chihuahua  presenta la exposici\u00f3n al aire libre \u201cTres Cabezas\u201d del artista Javier  Mar\u00edn en la Presa el Rej\u00f3n, durante un periodo de siete meses.<\/p>\n\n\n\n<p>En la presentaci\u00f3n se cont\u00f3 con la presencia\n de la alcaldesa Mar\u00eda Ang\u00e9lica Granados quien mencion\u00f3 que es un \nprivilegio y honor que Chihuahua se sume a las ciudades que han sido \nespacio para la exposici\u00f3n de estas esculturas, adem\u00e1s coment\u00f3 que el \nparque el Rej\u00f3n es un lugar id\u00f3neo para la obra de Javier Mar\u00edn. &nbsp;&nbsp;<\/p>\n\n\n\n<p>Por su parte, Alejandra Enr\u00edquez, titular \ndel Instituto de Cultura del Municipio, expres\u00f3 que la exposici\u00f3n es un \nesfuerzo de colaboraci\u00f3n entre la fundaci\u00f3n Javier Mar\u00edn y la galer\u00eda \nTerreno Bald\u00edo por lo que agradeci\u00f3 su participaci\u00f3n, asimismo, pidi\u00f3 el\n apoyo de la ciudadan\u00eda para que la exposici\u00f3n se lleve de la forma m\u00e1s \nordenada y respetuosa, conservando siempre las medidas sanitarias por el\n COVID19.<\/p>\n\n\n\n<p>Las esculturas monumentales \u201cTres Cabezas\u201d \nhechas en bronce a la cera perdida, invitan a la reflexi\u00f3n acerca de lo \nc\u00edclico y perecedero de las ideas, que, no obstante, llegan a ser \naquello en lo que nos apoyamos o que, incluso, rige nuestra existencia.&nbsp;<\/p>\n\n\n\n<p>\u201cCabeza Vainilla, Cabeza C\u00f3rdoba y Cabeza \nChiapas\u201d han sido previamente expuestas en Puebla, Michoac\u00e1n, San Luis \nPotos\u00ed, Aguascalientes, Ciudad de M\u00e9xico, Yucat\u00e1n, Luxemburgo, Vancouver\n y ahora llegaron hasta nuestra ciudad a trav\u00e9s de la \u201cFundaci\u00f3n Javier \nMar\u00edn\u201d y a su directora Estefan\u00eda \u00c1ngeles, para quedarse del 4 de \nfebrero al 31 de agosto del 2021.<\/p>\n\n\n\n<p>Est\u00e1n ubicadas en la \u201cPresa el Rej\u00f3n\u201d, un \nhermoso escenario natural que es un espacio abierto en donde permite \napreciar la exposici\u00f3n monumental y al mismo tiempo evitar \naglomeraciones pensando en la salud de los chihuahuenses.<\/p>\n\n\n\n<p>Javier Mar\u00edn art\u00edstica de la exposici\u00f3n \ntiene una trayectoria que rebasa los 30 a\u00f1os, ha expuesto de manera \nindividual en m\u00e1s de 90 ocasiones y ha participado en m\u00e1s de 200 \nmuestras colectivas en M\u00e9xico, Estados Unidos y Canad\u00e1, as\u00ed como en \nvarios pa\u00edses de Centroam\u00e9rica, Sudam\u00e9rica, Asia y Europa.<\/p>\n\n\n\n<p>Durante la presentaci\u00f3n de la exposici\u00f3n se \ncont\u00f3 con la presencia de Eduardo Mier y Ter\u00e1n &nbsp;director de Terreno \nBald\u00edo y Ver\u00f3nica Herrera, representante del Fideicomiso del Parque \nMetropolitano Tres Presas.<\/p>\n","protected":false},"excerpt":{"rendered":"<p>Ciudad de Chihuahua.- Con el prop\u00f3sito de continuar con la promoci\u00f3n cultural en la ciudad y\u00a0 de tomar en consideraci\u00f3n las recomendaciones de las autoridades de salud por el COVID19, el Instituto de Cultura del\u00a0 Municipio de Chihuahua presenta la exposici\u00f3n al aire libre \u201cTres Cabezas\u201d del artista Javier Mar\u00edn en la Presa el Rej\u00f3n, [&hellip;]<\/p>\n","protected":false},"author":1,"featured_media":33701,"comment_status":"closed","ping_status":"closed","sticky":false,"template":"","format":"standard","meta":{"rop_custom_images_group":[],"rop_custom_messages_group":[],"rop_publish_now":"initial","rop_publish_now_accounts":[],"rop_publish_now_history":[],"rop_publish_now_status":"pending","footnotes":""},"categories":[73,67,62],"tags":[],"class_list":["post-33700","post","type-post","status-publish","format-standard","has-post-thumbnail","hentry","category-arte","category-ciudad","category-cultura"],"_links":{"self":[{"href":"https:\/\/notiissa.mx\/index.php?rest_route=\/wp\/v2\/posts\/33700","targetHints":{"allow":["GET"]}}],"collection":[{"href":"https:\/\/notiissa.mx\/index.php?rest_route=\/wp\/v2\/posts"}],"about":[{"href":"https:\/\/notiissa.mx\/index.php?rest_route=\/wp\/v2\/types\/post"}],"author":[{"embeddable":true,"href":"https:\/\/notiissa.mx\/index.php?rest_route=\/wp\/v2\/users\/1"}],"replies":[{"embeddable":true,"href":"https:\/\/notiissa.mx\/index.php?rest_route=%2Fwp%2Fv2%2Fcomments&post=33700"}],"version-history":[{"count":1,"href":"https:\/\/notiissa.mx\/index.php?rest_route=\/wp\/v2\/posts\/33700\/revisions"}],"predecessor-version":[{"id":33702,"href":"https:\/\/notiissa.mx\/index.php?rest_route=\/wp\/v2\/posts\/33700\/revisions\/33702"}],"wp:featuredmedia":[{"embeddable":true,"href":"https:\/\/notiissa.mx\/index.php?rest_route=\/wp\/v2\/media\/33701"}],"wp:attachment":[{"href":"https:\/\/notiissa.mx\/index.php?rest_route=%2Fwp%2Fv2%2Fmedia&parent=33700"}],"wp:term":[{"taxonomy":"category","embeddable":true,"href":"https:\/\/notiissa.mx\/index.php?rest_route=%2Fwp%2Fv2%2Fcategories&post=33700"},{"taxonomy":"post_tag","embeddable":true,"href":"https:\/\/notiissa.mx\/index.php?rest_route=%2Fwp%2Fv2%2Ftags&post=33700"}],"curies":[{"name":"wp","href":"https:\/\/api.w.org\/{rel}","templated":true}]}}