{"id":33036,"date":"2021-01-20T03:44:35","date_gmt":"2021-01-20T03:44:35","guid":{"rendered":"http:\/\/notiissa.mx\/?p=33036"},"modified":"2021-01-20T03:44:37","modified_gmt":"2021-01-20T03:44:37","slug":"ya-no-estoy-aqui-competira-por-un-goya-en-espana","status":"publish","type":"post","link":"https:\/\/notiissa.mx\/?p=33036","title":{"rendered":"&#8216;Ya no estoy aqu\u00ed&#8217; competir\u00e1 por un Goya en Espa\u00f1a"},"content":{"rendered":"\n<p>La pel\u00edcula mexicana<em><strong> Ya no estoy aqu\u00ed<\/strong><\/em>, del director Fernando Fr\u00edas, fue nominada ayer en la categor\u00eda de <strong>Mejor Pel\u00edcula Iberoamericana en los premios Goya 2021,<\/strong> en Espa\u00f1a.<\/p>\n\n\n\n<p>La cinta compite en esta categor\u00eda contra <em><strong>El agente topo<\/strong><\/em>, de Chile; <em><strong>El olvido que seremos<\/strong><\/em>, de Colombia, y <em><strong>La llorona<\/strong><\/em>, de Guatemala.<\/p>\n\n\n\n<p>La pel\u00edcula de Fr\u00edas narra la historia de Ulises, miembro de la pandilla<strong> Los Terkos<\/strong>,  que pasa los d\u00edas entre la contracultura de la cumbia colombiana y la  violencia, en un barrio popular de Monterrey, la Colonia Independencia.<\/p>\n\n\n\n<p>Tras un malentendido con las mafias locales, Ulises, interpretado por el joven actor <strong>Juan Daniel Garc\u00eda Trevi\u00f1o<\/strong>, se ve obligado a huir a Queens, en Nueva York. Ah\u00ed vivir\u00e1 el drama de la <strong>migraci\u00f3n<\/strong>, un tema crucial en estos d\u00edas frente al cambio de gobierno en Estados Unidos.<\/p>\n\n\n\n<p><em><strong>Ya no estoy aqu\u00ed<\/strong><\/em> se impuso como la gran triunfadora de los premios Ariel 2020, con 10 estatuillas, y tambi\u00e9n representar\u00e1 a M\u00e9xico en el <strong>Oscar 2021<\/strong>; adem\u00e1s de haber recibido ya reconocimientos en <strong>festivales nacionales e internacionales<\/strong>.<\/p>\n\n\n\n<p>El lunes, se anunciaron los nominados a las 28 categor\u00edas de la 35 edici\u00f3n de los Premios Goya, otorgados por la<strong> Academia de las Artes y las Ciencias Cinematogr\u00e1ficas de Espa\u00f1a<\/strong>.  La ceremonia se llevar\u00e1 a cabo el s\u00e1bado 6 de marzo en el Teatro del  Soho Caixa Bank de M\u00e1laga, ser\u00e1 dirigida y presentada por Antonio  Banderas y Mar\u00eda Casado.<br> <\/p>\n\n\n\n<p><em><strong>Ad\u00fa<\/strong>,<\/em> de Salvador Calvo, parece ser la  favorita de la pr\u00f3xima entrega, pues se alz\u00f3 ayer con 13 nominaciones,  incluida la de Mejor Pel\u00edcula.<\/p>\n\n\n\n<p>Los d\u00edas previos al evento, adelantaron los organizadores, todos los \nasistentes a la gala (nominados y equipo de producci\u00f3n) se har\u00e1n <strong>una prueba PCR<\/strong> para evitar riesgos por el Covid-19.<\/p>\n\n\n\n<p> AN \/ BDL <\/p>\n","protected":false},"excerpt":{"rendered":"<p>La pel\u00edcula mexicana Ya no estoy aqu\u00ed, del director Fernando Fr\u00edas, fue nominada ayer en la categor\u00eda de Mejor Pel\u00edcula Iberoamericana en los premios Goya 2021, en Espa\u00f1a. La cinta compite en esta categor\u00eda contra El agente topo, de Chile; El olvido que seremos, de Colombia, y La llorona, de Guatemala. La pel\u00edcula de Fr\u00edas [&hellip;]<\/p>\n","protected":false},"author":1,"featured_media":33037,"comment_status":"closed","ping_status":"closed","sticky":false,"template":"","format":"standard","meta":{"rop_custom_images_group":[],"rop_custom_messages_group":[],"rop_publish_now":"initial","rop_publish_now_accounts":[],"rop_publish_now_history":[],"rop_publish_now_status":"pending","footnotes":""},"categories":[73,70],"tags":[23],"class_list":["post-33036","post","type-post","status-publish","format-standard","has-post-thumbnail","hentry","category-arte","category-espectaculos","tag-destacado"],"_links":{"self":[{"href":"https:\/\/notiissa.mx\/index.php?rest_route=\/wp\/v2\/posts\/33036","targetHints":{"allow":["GET"]}}],"collection":[{"href":"https:\/\/notiissa.mx\/index.php?rest_route=\/wp\/v2\/posts"}],"about":[{"href":"https:\/\/notiissa.mx\/index.php?rest_route=\/wp\/v2\/types\/post"}],"author":[{"embeddable":true,"href":"https:\/\/notiissa.mx\/index.php?rest_route=\/wp\/v2\/users\/1"}],"replies":[{"embeddable":true,"href":"https:\/\/notiissa.mx\/index.php?rest_route=%2Fwp%2Fv2%2Fcomments&post=33036"}],"version-history":[{"count":1,"href":"https:\/\/notiissa.mx\/index.php?rest_route=\/wp\/v2\/posts\/33036\/revisions"}],"predecessor-version":[{"id":33038,"href":"https:\/\/notiissa.mx\/index.php?rest_route=\/wp\/v2\/posts\/33036\/revisions\/33038"}],"wp:featuredmedia":[{"embeddable":true,"href":"https:\/\/notiissa.mx\/index.php?rest_route=\/wp\/v2\/media\/33037"}],"wp:attachment":[{"href":"https:\/\/notiissa.mx\/index.php?rest_route=%2Fwp%2Fv2%2Fmedia&parent=33036"}],"wp:term":[{"taxonomy":"category","embeddable":true,"href":"https:\/\/notiissa.mx\/index.php?rest_route=%2Fwp%2Fv2%2Fcategories&post=33036"},{"taxonomy":"post_tag","embeddable":true,"href":"https:\/\/notiissa.mx\/index.php?rest_route=%2Fwp%2Fv2%2Ftags&post=33036"}],"curies":[{"name":"wp","href":"https:\/\/api.w.org\/{rel}","templated":true}]}}